{"id":4649,"date":"2018-04-25T16:29:51","date_gmt":"2018-04-25T14:29:51","guid":{"rendered":"http:\/\/blogs.diariosur.es\/-que-le-compro-\/?p=4649"},"modified":"2018-04-28T20:34:42","modified_gmt":"2018-04-28T18:34:42","slug":"superjueves-mercadillos-abril-malaga","status":"publish","type":"post","link":"https:\/\/blogs.diariosur.es\/-que-le-compro-\/2018\/04\/25\/superjueves-mercadillos-abril-malaga\/","title":{"rendered":"S\u00faperJueves y mercadillos en la provincia para despedir abril"},"content":{"rendered":"<p>Abril se despide con una variada lista de citas con la moda y la artesan\u00eda local ya desde este jueves, puesto que al ser el \u00faltimo del mes el parque comercial M\u00e1laga Nostrum celebra su <strong>#S\u00faperJueves<\/strong>, que ofrecer\u00e1 estos descuentos:<\/p>\n<p>-Parfois: 10% en todos los productos (excepto art\u00edculos permanentes), y un 50% en bisuter\u00eda y art\u00edculos del pelo. Del 26 de abril al 2 de mayo.<br \/>\n&#8211; Desigual: 20% de descuento al precio outlet en camisetas de chica y chico.<br \/>\n&#8211; Solera: Por la compra superior a 10\u20ac, una pulsera de regalo.<br \/>\n&#8211; Famaliving: 10% Dto. en toda la colecci\u00f3n de sof\u00e1s Famaliving.<br \/>\n&#8211; Stylo: 20% Dto. adicional en una selecci\u00f3n de art\u00edculos.<br \/>\n&#8211; Soloptical: 30% Dto. en gafas de sol y 30% Dto. en gafas graduadas con protecci\u00f3n ordenador.<br \/>\n&#8211; Levi\u00b4s: 3 X 2 en todos los productos de tienda, del 26 al 28 de abril.<br \/>\n&#8211; Xti Store: 10% un art\u00edculo. 20% 2 art\u00edculos. 30% 3 art\u00edculos.<br \/>\n&#8211; Herradura: Regalo sorpresa por su compra.<br \/>\n&#8211; Benetton: 15% Dto. S\/precio outlet en nueva colecci\u00f3n de Se\u00f1ora y Caballero. &#8211; Celopman: 15% Dto. en zonas outlet y saldos.<br \/>\n&#8211; Charanga: 20% de descuento adicional en una selecci\u00f3n de art\u00edculos.<br \/>\n&#8211; Timbos: Por la compra igual o superior a 40\u20ac, regalo de un cintur\u00f3n.<br \/>\n&#8211; Mango: Modelos seleccionados Primavera-Verano hasta el -70%.<br \/>\n&#8211; El Corte Ingl\u00e9s: Hasta el 80% Dto. sobre precio inicial en una selecci\u00f3n de firmas.<br \/>\n&#8211; Amichi: 30% Dto. sobre art\u00edculos seleccionados.<\/p>\n<p>Para el viernes, se podr\u00e1 disfrutar en el Centro de M\u00e1laga de una nueva <strong>pop up de La Temporal<\/strong>, que en esta ocasi\u00f3n reunir\u00e1 a las firmas Chika 10, Eme Ele Bags, Unum y Prenda. Adem\u00e1s, Salerosa &amp; Bella har\u00e1 demostraciones de limpiezas faciales a las asistentes que quieran probar las \u00faltimas tecnolog\u00edas en cuidado de la piel. Todo esto de 12 a 21 horas con entrada gratis en la c\u00e9ntrica calle Bolsa 3, 1\u00ba.<\/p>\n<div id=\"attachment_4650\" style=\"width: 650px\" class=\"wp-caption alignnone\"><a href=\"https:\/\/static-blogs.diariosur.es\/wp-content\/uploads\/sites\/19\/2018\/04\/temporal.jpg\"><img aria-describedby=\"caption-attachment-4650\" loading=\"lazy\" class=\"size-full wp-image-4650\" src=\"https:\/\/static-blogs.diariosur.es\/wp-content\/uploads\/sites\/19\/2018\/04\/temporal.jpg\" alt=\"Pop up en La Temporal, viernes 26 de abril\" width=\"640\" height=\"960\" srcset=\"https:\/\/static-blogs.diariosur.es\/wp-content\/uploads\/sites\/19\/2018\/04\/temporal.jpg 640w, https:\/\/static-blogs.diariosur.es\/wp-content\/uploads\/sites\/19\/2018\/04\/temporal-200x300.jpg 200w\" sizes=\"(max-width: 640px) 100vw, 640px\" \/><\/a><p id=\"caption-attachment-4650\" class=\"wp-caption-text\">Pop up en La Temporal, viernes 26 de abril<\/p><\/div>\n<p>Adem\u00e1s, este viernes y el s\u00e1bado la asociaci\u00f3n Atenea vuelve a organizar su mercadillo en\u00a0<strong>Torremolinos<\/strong>. Las citas son el viernes en la plaza Andaluc\u00eda y el s\u00e1bado en la de San Miguel, ambos de 9 a 16 horas. All\u00ed podr\u00e1n verse productos trabajados en distintos materiales como lana, madera, cer\u00e1mica, forja, cuero, piedra o telas, entre otros, piezas que ponen en valor la historia, cultura e iconograf\u00eda del municipio a trav\u00e9s de souvenirs y creaciones originales.<\/p>\n<p>Y sin salir de Torremolinos, este viernes habr\u00e1 tambi\u00e9n un mercadillo dentro de las actividades del D\u00eda de Holanda, que se celebrar\u00e1n en la plaza Chiriva, en La Carihuela. No ser\u00e1 el \u00fanico<strong> de los mercadillos repartidos por la provincia<\/strong> este fin de semana, \u00a1todo lo contrario! ya que hay diversas fiestas locales que organizan tambi\u00e9n mercadillos gastron\u00f3micos y\/o artesanales como por ejemplo en Friliana el domingo, en Sierra de Yeguas tambi\u00e9n el d\u00eda 29 con motivo de la Feria del Esp\u00e1rrago.<\/p>\n<p>Este s\u00e1bado se celebra la fiesta solidaria <strong>Soles de M\u00e1laga<\/strong> en 11 distritos de la capital, que recaudar\u00e1 fondos para distintos colectivos por lo que entre las actividades programadas figuran varios mercadillos. As\u00ed que ya sab\u00e9is que con vuestras compras tambi\u00e9n pod\u00e9is ayudar este d\u00eda a quien lo necesita.<\/p>\n<p>Adem\u00e1s, este s\u00e1bado el restaurante Montana, en M\u00e1laga capital, acoge la cuarta edici\u00f3n de\u00a0 <strong>Fashion Rooms 29<\/strong>, que este a\u00f1o se centra en el nexo de la moda con los cinco sentidos. Durante todo el d\u00eda desfilar\u00e1n 18 dise\u00f1adores de moda emergente y firmas comerciales y habr\u00e1 tambi\u00e9n un espacio dedicado a showrooms y stands, en el que participan m\u00e1s de 20 firmas de emprendedores del sector.<\/p>\n<p>El evento acoge la presentaci\u00f3n de la convocatoria FR29 Lab, un encuentro de emprendedores del sector de la moda que se celebrar\u00e1 los d\u00edas 18 y 19 de mayo en La Caja Blanca.Se podr\u00e1n ver en este acontecimiento las creaciones de Mi peque\u00f1a nubecita \u2013 Jelena Vassilijeva, Olga Guti\u00e9rrez, Kecuco, Madame Bombay, Ina Jacobsen, Luz ateier, Saray BC, Ana Alicia, Sonia Caballero, Lilith (Sandra Ortiz), Lara Rodr\u00edguez, El backstage de Paloma, Patricia Ort\u00edz y MonicaL\u00f3, Lytsya, Jarvi Q y Miguel Cobos.<\/p>\n<p>Y os recuerdo que tanto el s\u00e1bado como el domingo ser\u00e1n los desfiles de moda flamenca en Vialia con entrada gratuita a las seis de la tarde. <a href=\"https:\/\/blogs.diariosur.es\/-que-le-compro-\/2018\/04\/24\/vialia-moda-flamenca\/\">Aqu\u00ed ten\u00e9is todos los detalles. <\/a>.<\/p>\n<p>Y para completar, <strong>Zoco en Muelle Uno<\/strong> de 12 a 19 horas.<\/p>\n<p>\u00a1Buen fin de semana!<\/p>\n","protected":false},"excerpt":{"rendered":"<p>Abril se despide con una variada lista de citas con la moda y la artesan\u00eda local ya desde este jueves, puesto que al ser el \u00faltimo del mes el parque comercial M\u00e1laga Nostrum celebra su #S\u00faperJueves, que ofrecer\u00e1 estos descuentos: -Parfois: 10% en todos los productos (excepto art\u00edculos permanentes), y un 50% en bisuter\u00eda y [&hellip;]<\/p>\n","protected":false},"author":24,"featured_media":0,"comment_status":"open","ping_status":"open","sticky":false,"template":"","format":"standard","meta":[],"categories":[2,4],"tags":[24,4172,4200,3991,4204,4203,1915,2058,4202,4201,3004,4205,4199,3972],"_links":{"self":[{"href":"https:\/\/blogs.diariosur.es\/-que-le-compro-\/wp-json\/wp\/v2\/posts\/4649"}],"collection":[{"href":"https:\/\/blogs.diariosur.es\/-que-le-compro-\/wp-json\/wp\/v2\/posts"}],"about":[{"href":"https:\/\/blogs.diariosur.es\/-que-le-compro-\/wp-json\/wp\/v2\/types\/post"}],"author":[{"embeddable":true,"href":"https:\/\/blogs.diariosur.es\/-que-le-compro-\/wp-json\/wp\/v2\/users\/24"}],"replies":[{"embeddable":true,"href":"https:\/\/blogs.diariosur.es\/-que-le-compro-\/wp-json\/wp\/v2\/comments?post=4649"}],"version-history":[{"count":5,"href":"https:\/\/blogs.diariosur.es\/-que-le-compro-\/wp-json\/wp\/v2\/posts\/4649\/revisions"}],"predecessor-version":[{"id":4655,"href":"https:\/\/blogs.diariosur.es\/-que-le-compro-\/wp-json\/wp\/v2\/posts\/4649\/revisions\/4655"}],"wp:attachment":[{"href":"https:\/\/blogs.diariosur.es\/-que-le-compro-\/wp-json\/wp\/v2\/media?parent=4649"}],"wp:term":[{"taxonomy":"category","embeddable":true,"href":"https:\/\/blogs.diariosur.es\/-que-le-compro-\/wp-json\/wp\/v2\/categories?post=4649"},{"taxonomy":"post_tag","embeddable":true,"href":"https:\/\/blogs.diariosur.es\/-que-le-compro-\/wp-json\/wp\/v2\/tags?post=4649"}],"curies":[{"name":"wp","href":"https:\/\/api.w.org\/{rel}","templated":true}]}}