{"id":4657,"date":"2018-05-02T12:23:24","date_gmt":"2018-05-02T10:23:24","guid":{"rendered":"http:\/\/blogs.diariosur.es\/-que-le-compro-\/?p=4657"},"modified":"2018-05-02T12:23:24","modified_gmt":"2018-05-02T10:23:24","slug":"rastro-termica-malaga-mercadillos","status":"publish","type":"post","link":"https:\/\/blogs.diariosur.es\/-que-le-compro-\/2018\/05\/02\/rastro-termica-malaga-mercadillos\/","title":{"rendered":"Rastro en La T\u00e9rmica y primeros mercadillos de mayo"},"content":{"rendered":"<p>Mientras algunos estar\u00e1n a\u00fan con la resaca del puente, se acerca el fin de semana. Y una vez m\u00e1s vamos a poder disfrutar en M\u00e1laga de varias propuestas para poder ver de cerca el talento local. Sin ir m\u00e1s lejos, el viernes tendremos ya dos citas. Por la ma\u00f1ana, la pop up de La Temporal, que se celebrar\u00e1 de 12 a 21 horas. Esta semana se podr\u00e1n ver los dise\u00f1os de Vera Blonde as\u00ed como las novedades de <strong>Nat &#038; Belle, Eme Ele, Unum y Prenda<\/strong>. Para completar, delicias a cargo de DulcyCake. Os recuerdo que la entrada es gratuita y que La Temporal est\u00e1 en pleno Centro de M\u00e1laga: calle La Bolsa 3, 1\u00ba2.<\/p>\n<p>Tambi\u00e9n este viernes se desarrollar\u00e1 en <strong>Torremolinos<\/strong> el mercado de la asociaci\u00f3n artesana Atenea, que tomar\u00e1 la plaza Andaluc\u00eda de 9 a 16 y el s\u00e1bado, en el mismo horario, la de San Miguel. All\u00ed podr\u00e1n verse art\u00edculos trabajados en distintos materiales como lana, madera, cer\u00e1mica, forja, cuero, piedra o telas, entre otros, junto a souvenirs y creaciones originales.<br \/>\n<a href=\"https:\/\/static-blogs.diariosur.es\/wp-content\/uploads\/sites\/19\/2018\/05\/rastro.jpg\"><img loading=\"lazy\" src=\"https:\/\/static-blogs.diariosur.es\/wp-content\/uploads\/sites\/19\/2018\/05\/rastro.jpg\" alt=\"rastro\" width=\"800\" height=\"533\" class=\"alignnone size-full wp-image-4658\" srcset=\"https:\/\/static-blogs.diariosur.es\/wp-content\/uploads\/sites\/19\/2018\/05\/rastro.jpg 800w, https:\/\/static-blogs.diariosur.es\/wp-content\/uploads\/sites\/19\/2018\/05\/rastro-300x200.jpg 300w, https:\/\/static-blogs.diariosur.es\/wp-content\/uploads\/sites\/19\/2018\/05\/rastro-768x512.jpg 768w\" sizes=\"(max-width: 800px) 100vw, 800px\" \/><\/a><\/p>\n<p>Y por la noche, al ser el primero del mes, toca <strong>Red Friday en La T\u00e9rmica<\/strong>, una actividad dise\u00f1ada para conmemorar el quinto aniversario del centro de cultura contempor\u00e1nea de la Diputaci\u00f3n de M\u00e1laga. Desde las siete de la tarde se podr\u00e1 visitar en los jardines del edificio el Rastro Cultural Nocturno, que en esta ocasi\u00f3n congregar\u00e1 m\u00e1s de 60 stands con decoraci\u00f3n, fotograf\u00eda, moda y ropa vintage de primavera\/verano, antig\u00fcedades, vinilos, fanzines y m\u00e1s. La entrada es libre. Os recuerdo que La T\u00e9rmica est\u00e1 en la zona oeste de M\u00e1laga capital, concretamente en la Avenida de Los Guindos 48. El evento, que llega acompa\u00f1ado de otras muchas actividades que pod\u00e9is <a href=\"http:\/\/www.diariosur.es\/planes\/termica-celebra-nueva-20180430173840-nt.html\" rel=\"external nofollow\">ver aqu\u00ed<\/a>, se desarrollar\u00e1 hasta la medianoche y la entrada es gratis.<\/p>\n<p>Adem\u00e1s, el domingo habr\u00e1 Zoco en Muelle Uno de 12 a 19 horas, con numerosos expositores con moda, decoraci\u00f3n, alimentaci\u00f3n y m\u00e1s: \u00a1buen fin de semana! <\/p>\n","protected":false},"excerpt":{"rendered":"<p>Mientras algunos estar\u00e1n a\u00fan con la resaca del puente, se acerca el fin de semana. Y una vez m\u00e1s vamos a poder disfrutar en M\u00e1laga de varias propuestas para poder ver de cerca el talento local. Sin ir m\u00e1s lejos, el viernes tendremos ya dos citas. Por la ma\u00f1ana, la pop up de La Temporal, [&hellip;]<\/p>\n","protected":false},"author":24,"featured_media":0,"comment_status":"open","ping_status":"open","sticky":false,"template":"","format":"standard","meta":[],"categories":[4,6],"tags":[4206,4209,3991,1918,4207,4208,3004,3122,4137,4199,3972],"_links":{"self":[{"href":"https:\/\/blogs.diariosur.es\/-que-le-compro-\/wp-json\/wp\/v2\/posts\/4657"}],"collection":[{"href":"https:\/\/blogs.diariosur.es\/-que-le-compro-\/wp-json\/wp\/v2\/posts"}],"about":[{"href":"https:\/\/blogs.diariosur.es\/-que-le-compro-\/wp-json\/wp\/v2\/types\/post"}],"author":[{"embeddable":true,"href":"https:\/\/blogs.diariosur.es\/-que-le-compro-\/wp-json\/wp\/v2\/users\/24"}],"replies":[{"embeddable":true,"href":"https:\/\/blogs.diariosur.es\/-que-le-compro-\/wp-json\/wp\/v2\/comments?post=4657"}],"version-history":[{"count":1,"href":"https:\/\/blogs.diariosur.es\/-que-le-compro-\/wp-json\/wp\/v2\/posts\/4657\/revisions"}],"predecessor-version":[{"id":4659,"href":"https:\/\/blogs.diariosur.es\/-que-le-compro-\/wp-json\/wp\/v2\/posts\/4657\/revisions\/4659"}],"wp:attachment":[{"href":"https:\/\/blogs.diariosur.es\/-que-le-compro-\/wp-json\/wp\/v2\/media?parent=4657"}],"wp:term":[{"taxonomy":"category","embeddable":true,"href":"https:\/\/blogs.diariosur.es\/-que-le-compro-\/wp-json\/wp\/v2\/categories?post=4657"},{"taxonomy":"post_tag","embeddable":true,"href":"https:\/\/blogs.diariosur.es\/-que-le-compro-\/wp-json\/wp\/v2\/tags?post=4657"}],"curies":[{"name":"wp","href":"https:\/\/api.w.org\/{rel}","templated":true}]}}