{"id":4671,"date":"2018-05-07T19:35:15","date_gmt":"2018-05-07T17:35:15","guid":{"rendered":"http:\/\/blogs.diariosur.es\/-que-le-compro-\/?p=4671"},"modified":"2018-05-07T19:35:15","modified_gmt":"2018-05-07T17:35:15","slug":"tienda-toni-pons-malaga","status":"publish","type":"post","link":"https:\/\/blogs.diariosur.es\/-que-le-compro-\/2018\/05\/07\/tienda-toni-pons-malaga\/","title":{"rendered":"Toni Pons abre en M\u00e1laga su primera tienda en Andaluc\u00eda"},"content":{"rendered":"<p>Buenas noticias para comenzar estaa semana: la gran familia comercial del Centro Hist\u00f3rico de M\u00e1laga cuenta con un nuevo miembro. Se trata de la firma catalana <strong>Toni Pons<\/strong>, que recientemente ha abierto en la calle Nueva 22 la primera de la empresa en Andaluc\u00eda.<\/p>\n<div id=\"attachment_4672\" style=\"width: 810px\" class=\"wp-caption alignnone\"><a href=\"https:\/\/static-blogs.diariosur.es\/wp-content\/uploads\/sites\/19\/2018\/05\/tonipons1.jpg\"><img aria-describedby=\"caption-attachment-4672\" loading=\"lazy\" class=\"size-full wp-image-4672\" src=\"https:\/\/static-blogs.diariosur.es\/wp-content\/uploads\/sites\/19\/2018\/05\/tonipons1.jpg\" alt=\"Interior de la tienda de Toni Pons en M\u00e1laga\" width=\"800\" height=\"900\" srcset=\"https:\/\/static-blogs.diariosur.es\/wp-content\/uploads\/sites\/19\/2018\/05\/tonipons1.jpg 800w, https:\/\/static-blogs.diariosur.es\/wp-content\/uploads\/sites\/19\/2018\/05\/tonipons1-267x300.jpg 267w, https:\/\/static-blogs.diariosur.es\/wp-content\/uploads\/sites\/19\/2018\/05\/tonipons1-768x864.jpg 768w\" sizes=\"(max-width: 800px) 100vw, 800px\" \/><\/a><p id=\"caption-attachment-4672\" class=\"wp-caption-text\">Interior de la tienda de Toni Pons en M\u00e1laga<\/p><\/div>\n<p>Todas las colecciones de Toni Pons est\u00e1n presentes en este local, el octavo de la firma en Espa\u00f1a (los otros puntos de venta se encuentran en Barcelona, Madrid y Sitges), en el que las alpargatas para hombre, mujer y ni\u00f1o son las protagonistas.<\/p>\n<p>Origens, es la l\u00ednea que mejor representa el ADN de la marca, con modelos cosidos a mano. Essencial nos propone modelos tendencia para ir siempre a la moda. La colecci\u00f3n m\u00e1s sofisticada se llama Premium y Toni es la l\u00ednea masculina de la marca. Si nos acercamos a la secci\u00f3n de #instint encontraremos la colecci\u00f3n m\u00e1s joven y c\u00f3moda de Toni Pons, con originales modelos, muchos de ellos unisex. Los m\u00e1s peque\u00f1os tambi\u00e9n pueden calzar las alpargatas de la marca con modelos similares a los de sus padres.<\/p>\n<p>\u00a1Bienvenidos y suerte!<\/p>\n<div id=\"attachment_4673\" style=\"width: 810px\" class=\"wp-caption alignnone\"><a href=\"https:\/\/static-blogs.diariosur.es\/wp-content\/uploads\/sites\/19\/2018\/05\/tonipons2.jpg\"><img aria-describedby=\"caption-attachment-4673\" loading=\"lazy\" class=\"size-full wp-image-4673\" src=\"https:\/\/static-blogs.diariosur.es\/wp-content\/uploads\/sites\/19\/2018\/05\/tonipons2.jpg\" alt=\"Interior de la tienda de Toni Pons en M\u00e1laga\" width=\"800\" height=\"966\" srcset=\"https:\/\/static-blogs.diariosur.es\/wp-content\/uploads\/sites\/19\/2018\/05\/tonipons2.jpg 800w, https:\/\/static-blogs.diariosur.es\/wp-content\/uploads\/sites\/19\/2018\/05\/tonipons2-248x300.jpg 248w, https:\/\/static-blogs.diariosur.es\/wp-content\/uploads\/sites\/19\/2018\/05\/tonipons2-768x927.jpg 768w\" sizes=\"(max-width: 800px) 100vw, 800px\" \/><\/a><p id=\"caption-attachment-4673\" class=\"wp-caption-text\">Interior de la tienda de Toni Pons en M\u00e1laga<\/p><\/div>\n<div id=\"attachment_4674\" style=\"width: 810px\" class=\"wp-caption alignnone\"><a href=\"https:\/\/static-blogs.diariosur.es\/wp-content\/uploads\/sites\/19\/2018\/05\/tonipons3.jpg\"><img aria-describedby=\"caption-attachment-4674\" loading=\"lazy\" class=\"size-full wp-image-4674\" src=\"https:\/\/static-blogs.diariosur.es\/wp-content\/uploads\/sites\/19\/2018\/05\/tonipons3.jpg\" alt=\"Escaparate de la nueva tienda en calle Nueva\" width=\"800\" height=\"500\" srcset=\"https:\/\/static-blogs.diariosur.es\/wp-content\/uploads\/sites\/19\/2018\/05\/tonipons3.jpg 800w, https:\/\/static-blogs.diariosur.es\/wp-content\/uploads\/sites\/19\/2018\/05\/tonipons3-300x188.jpg 300w, https:\/\/static-blogs.diariosur.es\/wp-content\/uploads\/sites\/19\/2018\/05\/tonipons3-768x480.jpg 768w\" sizes=\"(max-width: 800px) 100vw, 800px\" \/><\/a><p id=\"caption-attachment-4674\" class=\"wp-caption-text\">Escaparate de la nueva tienda en calle Nueva<\/p><\/div>\n","protected":false},"excerpt":{"rendered":"<p>Buenas noticias para comenzar estaa semana: la gran familia comercial del Centro Hist\u00f3rico de M\u00e1laga cuenta con un nuevo miembro. Se trata de la firma catalana Toni Pons, que recientemente ha abierto en la calle Nueva 22 la primera de la empresa en Andaluc\u00eda. Todas las colecciones de Toni Pons est\u00e1n presentes en este local, [&hellip;]<\/p>\n","protected":false},"author":24,"featured_media":0,"comment_status":"open","ping_status":"open","sticky":false,"template":"","format":"standard","meta":[],"categories":[7],"tags":[4214,4213,3682,4212],"_links":{"self":[{"href":"https:\/\/blogs.diariosur.es\/-que-le-compro-\/wp-json\/wp\/v2\/posts\/4671"}],"collection":[{"href":"https:\/\/blogs.diariosur.es\/-que-le-compro-\/wp-json\/wp\/v2\/posts"}],"about":[{"href":"https:\/\/blogs.diariosur.es\/-que-le-compro-\/wp-json\/wp\/v2\/types\/post"}],"author":[{"embeddable":true,"href":"https:\/\/blogs.diariosur.es\/-que-le-compro-\/wp-json\/wp\/v2\/users\/24"}],"replies":[{"embeddable":true,"href":"https:\/\/blogs.diariosur.es\/-que-le-compro-\/wp-json\/wp\/v2\/comments?post=4671"}],"version-history":[{"count":1,"href":"https:\/\/blogs.diariosur.es\/-que-le-compro-\/wp-json\/wp\/v2\/posts\/4671\/revisions"}],"predecessor-version":[{"id":4675,"href":"https:\/\/blogs.diariosur.es\/-que-le-compro-\/wp-json\/wp\/v2\/posts\/4671\/revisions\/4675"}],"wp:attachment":[{"href":"https:\/\/blogs.diariosur.es\/-que-le-compro-\/wp-json\/wp\/v2\/media?parent=4671"}],"wp:term":[{"taxonomy":"category","embeddable":true,"href":"https:\/\/blogs.diariosur.es\/-que-le-compro-\/wp-json\/wp\/v2\/categories?post=4671"},{"taxonomy":"post_tag","embeddable":true,"href":"https:\/\/blogs.diariosur.es\/-que-le-compro-\/wp-json\/wp\/v2\/tags?post=4671"}],"curies":[{"name":"wp","href":"https:\/\/api.w.org\/{rel}","templated":true}]}}