{"id":4676,"date":"2018-05-10T16:20:42","date_gmt":"2018-05-10T14:20:42","guid":{"rendered":"http:\/\/blogs.diariosur.es\/-que-le-compro-\/?p=4676"},"modified":"2018-05-10T16:20:42","modified_gmt":"2018-05-10T14:20:42","slug":"mercadillos-mayo-malaga-noche-blanco","status":"publish","type":"post","link":"https:\/\/blogs.diariosur.es\/-que-le-compro-\/2018\/05\/10\/mercadillos-mayo-malaga-noche-blanco\/","title":{"rendered":"Artesan\u00eda, moda y salud en los mercadillos"},"content":{"rendered":"<p>La agenda de mercadillos de este fin de semana vuelve a sorprender. Porque vamos a poder disfrutar de novedades en la lista de propuestas con la moda y la artesan\u00eda local en estos d\u00edas. \u00a1Si quieres saber qu\u00e9 se puede hacer, toma nota!<\/p>\n<p>Para empezar, este viernes los comerciantes de <strong>Cruz de Humilladero<\/strong>, en M\u00e1laga capital, organizan un desfile de moda dentro\u00a0 de su Semana Cultural. La cita, que reunir\u00e1 a m\u00e1s de 25 locales de este distrito de M\u00e1laga capital, comenzar\u00e1 a las seis de la tarde en calle Alfambra.<\/p>\n<p><a href=\"https:\/\/static-blogs.diariosur.es\/wp-content\/uploads\/sites\/19\/2018\/05\/anillos.jpg\"><img loading=\"lazy\" class=\"alignnone size-full wp-image-4677\" src=\"https:\/\/static-blogs.diariosur.es\/wp-content\/uploads\/sites\/19\/2018\/05\/anillos.jpg\" alt=\"anillos\" width=\"960\" height=\"539\" srcset=\"https:\/\/static-blogs.diariosur.es\/wp-content\/uploads\/sites\/19\/2018\/05\/anillos.jpg 960w, https:\/\/static-blogs.diariosur.es\/wp-content\/uploads\/sites\/19\/2018\/05\/anillos-300x168.jpg 300w, https:\/\/static-blogs.diariosur.es\/wp-content\/uploads\/sites\/19\/2018\/05\/anillos-768x431.jpg 768w\" sizes=\"(max-width: 960px) 100vw, 960px\" \/><\/a><\/p>\n<p>En <strong>Torremolinos<\/strong> ya sab\u00e9is que los viernes la asociaci\u00f3n artesana Atenea pone en marcha su mercado artesanal, que tomar\u00e1 la plaza Andaluc\u00eda de 9 a 16 horas y el s\u00e1bado, en el mismo horario, la de San Miguel.<\/p>\n<p>Para el s\u00e1bado, los amantes de los productos m\u00e1s naturales tienen una cita en La Malagueta, donde la asociaci\u00f3n <strong>Guadalhorce Ecol\u00f3gico<\/strong> instalar\u00e1 su mercadillo con productores de la provincia de 10 a 14 horas en el paseo de Reding, junto a la plaza de toros.<\/p>\n<p>Adem\u00e1s, de 10 a 20 horas se podr\u00e1 disfrutar de un atractivo mercadillo artesanal con algunas sorpresas dentro de la <strong>II Jornada M\u00fasica por la Paz<\/strong>, que se celebrar\u00e1 este s\u00e1bado en la calle Godino 3, en M\u00e1laga capital. La jornada cuenta con numerosas actividades, por lo que la entrada cuesta 8 euros para los adultos y 4 para los ni\u00f1os.<\/p>\n<p>Y el domingo, con motivo de la Fiesta de la Cachorre\u00f1a en <strong>Alhaur\u00edn El Grande<\/strong> podremos disfrutar de un mercadillo de productos t\u00edpicos artesanos y gastron\u00f3micos.<\/p>\n<p>\u00a1Buen fin de semana!<\/p>\n","protected":false},"excerpt":{"rendered":"<p>La agenda de mercadillos de este fin de semana vuelve a sorprender. Porque vamos a poder disfrutar de novedades en la lista de propuestas con la moda y la artesan\u00eda local en estos d\u00edas. \u00a1Si quieres saber qu\u00e9 se puede hacer, toma nota! Para empezar, este viernes los comerciantes de Cruz de Humilladero, en M\u00e1laga [&hellip;]<\/p>\n","protected":false},"author":24,"featured_media":0,"comment_status":"open","ping_status":"open","sticky":false,"template":"","format":"standard","meta":[],"categories":[4,5,7],"tags":[4145,4219,4215,4217,1584,4218,2359,4216],"_links":{"self":[{"href":"https:\/\/blogs.diariosur.es\/-que-le-compro-\/wp-json\/wp\/v2\/posts\/4676"}],"collection":[{"href":"https:\/\/blogs.diariosur.es\/-que-le-compro-\/wp-json\/wp\/v2\/posts"}],"about":[{"href":"https:\/\/blogs.diariosur.es\/-que-le-compro-\/wp-json\/wp\/v2\/types\/post"}],"author":[{"embeddable":true,"href":"https:\/\/blogs.diariosur.es\/-que-le-compro-\/wp-json\/wp\/v2\/users\/24"}],"replies":[{"embeddable":true,"href":"https:\/\/blogs.diariosur.es\/-que-le-compro-\/wp-json\/wp\/v2\/comments?post=4676"}],"version-history":[{"count":1,"href":"https:\/\/blogs.diariosur.es\/-que-le-compro-\/wp-json\/wp\/v2\/posts\/4676\/revisions"}],"predecessor-version":[{"id":4678,"href":"https:\/\/blogs.diariosur.es\/-que-le-compro-\/wp-json\/wp\/v2\/posts\/4676\/revisions\/4678"}],"wp:attachment":[{"href":"https:\/\/blogs.diariosur.es\/-que-le-compro-\/wp-json\/wp\/v2\/media?parent=4676"}],"wp:term":[{"taxonomy":"category","embeddable":true,"href":"https:\/\/blogs.diariosur.es\/-que-le-compro-\/wp-json\/wp\/v2\/categories?post=4676"},{"taxonomy":"post_tag","embeddable":true,"href":"https:\/\/blogs.diariosur.es\/-que-le-compro-\/wp-json\/wp\/v2\/tags?post=4676"}],"curies":[{"name":"wp","href":"https:\/\/api.w.org\/{rel}","templated":true}]}}