{"id":4681,"date":"2018-05-16T16:33:52","date_gmt":"2018-05-16T14:33:52","guid":{"rendered":"http:\/\/blogs.diariosur.es\/-que-le-compro-\/?p=4681"},"modified":"2018-05-16T16:33:52","modified_gmt":"2018-05-16T14:33:52","slug":"mercadillo-farol-malaga-mayo","status":"publish","type":"post","link":"https:\/\/blogs.diariosur.es\/-que-le-compro-\/2018\/05\/16\/mercadillo-farol-malaga-mayo\/","title":{"rendered":"Fiesta tropical, mercadillo de El Farol y m\u00e1s citas del finde"},"content":{"rendered":"<p>\u00bfPensando ya en el fin de semana? Como siempre, hay que dejar tiempo para las citas con la artesan\u00eda local, porque estos d\u00edas hay varias propuetas para disfrutar de la moda y la artesan\u00eda.<\/p>\n<p>Por un lado, en <strong>Torremolinos<\/strong> la asociaci\u00f3n artesana Atenea pone en marcha los viernes como sab\u00e9is su mercado artesanal, que tomar\u00e1 la plaza Andaluc\u00eda de 9 a 16 horas. La cita se repite los s\u00e1bados, en el mismo horario, en la plaza de San Miguel.<\/p>\n<p>Tambi\u00e9n este viernes habr\u00e1 pop up en La Temporal, que como siempre ser\u00e1 de 12 a 21 horas con entrada libre. Est\u00e1n en calle La Bolsa 3, 1\u00ba2, en pleno Centro de M\u00e1laga.<\/p>\n<div id=\"attachment_4683\" style=\"width: 855px\" class=\"wp-caption alignnone\"><a href=\"https:\/\/static-blogs.diariosur.es\/wp-content\/uploads\/sites\/19\/2018\/05\/camiseta.jpg\"><img aria-describedby=\"caption-attachment-4683\" loading=\"lazy\" class=\"size-full wp-image-4683\" src=\"https:\/\/static-blogs.diariosur.es\/wp-content\/uploads\/sites\/19\/2018\/05\/camiseta.jpg\" alt=\"Fiesta tropical en La Srta. White Shop el viernes\" width=\"845\" height=\"845\" srcset=\"https:\/\/static-blogs.diariosur.es\/wp-content\/uploads\/sites\/19\/2018\/05\/camiseta.jpg 845w, https:\/\/static-blogs.diariosur.es\/wp-content\/uploads\/sites\/19\/2018\/05\/camiseta-150x150.jpg 150w, https:\/\/static-blogs.diariosur.es\/wp-content\/uploads\/sites\/19\/2018\/05\/camiseta-300x300.jpg 300w, https:\/\/static-blogs.diariosur.es\/wp-content\/uploads\/sites\/19\/2018\/05\/camiseta-768x768.jpg 768w\" sizes=\"(max-width: 845px) 100vw, 845px\" \/><\/a><p id=\"caption-attachment-4683\" class=\"wp-caption-text\">Fiesta tropical en La Srta. White Shop el viernes<\/p><\/div>\n<p>Y por la tarde el viernes 18 tambi\u00e9n la tienda <strong>La Srta. White Shop<\/strong> invita a una fiesta tropical, que se celebrar\u00e1 de 19 a 21 horas. All\u00ed se podr\u00e1 ver las nuevas colecciones con un 5% de descuento de marcas como Compa\u00f1\u00eda Fant\u00e1stica, Behlulah, Juanita Banana, o Minueto, entre otras. La cita es tambi\u00e9n en el Centro de la capital, concretamente en la calle M\u00e1rtires 11.<\/p>\n<p>&nbsp;<\/p>\n<p><a href=\"https:\/\/static-blogs.diariosur.es\/wp-content\/uploads\/sites\/19\/2018\/05\/farol-mercadillo.jpg\"><img loading=\"lazy\" class=\"alignnone size-full wp-image-4682\" src=\"https:\/\/static-blogs.diariosur.es\/wp-content\/uploads\/sites\/19\/2018\/05\/farol-mercadillo.jpg\" alt=\"farol-mercadillo\" width=\"800\" height=\"572\" srcset=\"https:\/\/static-blogs.diariosur.es\/wp-content\/uploads\/sites\/19\/2018\/05\/farol-mercadillo.jpg 800w, https:\/\/static-blogs.diariosur.es\/wp-content\/uploads\/sites\/19\/2018\/05\/farol-mercadillo-300x215.jpg 300w, https:\/\/static-blogs.diariosur.es\/wp-content\/uploads\/sites\/19\/2018\/05\/farol-mercadillo-768x549.jpg 768w\" sizes=\"(max-width: 800px) 100vw, 800px\" \/><\/a><\/p>\n<p>El s\u00e1bado, la<strong> escuela Waldorf Internacional El Farol<\/strong> celebra su tradicional mercadillo de primavera, que incluir\u00e1 talleres, m\u00fasica en directo y comida casera, entre otras sorpresas. De 12 a 16 horas en la sede de este centro, en la calle Liebre, 2 (Cerrado de Calder\u00f3n).<\/p>\n<p>Para completar, si el tiempo no lo impide este domingo habr\u00e1 Zoco en Muelle Uno de 11 a 18 horas.<\/p>\n<p>\u00a1Buen fin de semana!<\/p>\n","protected":false},"excerpt":{"rendered":"<p>\u00bfPensando ya en el fin de semana? Como siempre, hay que dejar tiempo para las citas con la artesan\u00eda local, porque estos d\u00edas hay varias propuetas para disfrutar de la moda y la artesan\u00eda. Por un lado, en Torremolinos la asociaci\u00f3n artesana Atenea pone en marcha los viernes como sab\u00e9is su mercado artesanal, que tomar\u00e1 [&hellip;]<\/p>\n","protected":false},"author":24,"featured_media":0,"comment_status":"open","ping_status":"open","sticky":false,"template":"","format":"standard","meta":[],"categories":[4,7],"tags":[4172,4221,4220,1914,3972],"_links":{"self":[{"href":"https:\/\/blogs.diariosur.es\/-que-le-compro-\/wp-json\/wp\/v2\/posts\/4681"}],"collection":[{"href":"https:\/\/blogs.diariosur.es\/-que-le-compro-\/wp-json\/wp\/v2\/posts"}],"about":[{"href":"https:\/\/blogs.diariosur.es\/-que-le-compro-\/wp-json\/wp\/v2\/types\/post"}],"author":[{"embeddable":true,"href":"https:\/\/blogs.diariosur.es\/-que-le-compro-\/wp-json\/wp\/v2\/users\/24"}],"replies":[{"embeddable":true,"href":"https:\/\/blogs.diariosur.es\/-que-le-compro-\/wp-json\/wp\/v2\/comments?post=4681"}],"version-history":[{"count":1,"href":"https:\/\/blogs.diariosur.es\/-que-le-compro-\/wp-json\/wp\/v2\/posts\/4681\/revisions"}],"predecessor-version":[{"id":4684,"href":"https:\/\/blogs.diariosur.es\/-que-le-compro-\/wp-json\/wp\/v2\/posts\/4681\/revisions\/4684"}],"wp:attachment":[{"href":"https:\/\/blogs.diariosur.es\/-que-le-compro-\/wp-json\/wp\/v2\/media?parent=4681"}],"wp:term":[{"taxonomy":"category","embeddable":true,"href":"https:\/\/blogs.diariosur.es\/-que-le-compro-\/wp-json\/wp\/v2\/categories?post=4681"},{"taxonomy":"post_tag","embeddable":true,"href":"https:\/\/blogs.diariosur.es\/-que-le-compro-\/wp-json\/wp\/v2\/tags?post=4681"}],"curies":[{"name":"wp","href":"https:\/\/api.w.org\/{rel}","templated":true}]}}