{"id":4696,"date":"2018-05-31T16:22:21","date_gmt":"2018-05-31T14:22:21","guid":{"rendered":"http:\/\/blogs.diariosur.es\/-que-le-compro-\/?p=4696"},"modified":"2018-06-01T16:34:27","modified_gmt":"2018-06-01T14:34:27","slug":"mercadillos-malaga-junio-2","status":"publish","type":"post","link":"https:\/\/blogs.diariosur.es\/-que-le-compro-\/2018\/05\/31\/mercadillos-malaga-junio-2\/","title":{"rendered":"Rastro en La T\u00e9rmica, S\u00faperJueves y mercadillos"},"content":{"rendered":"<p>\u00a1Ya est\u00e1 aqu\u00ed el fin de semana! Y para celebrar la llegada de junio, vamos a poder disfrutar en M\u00e1laga de una variada lista de citas con la artesan\u00eda y la moda. Por un lado, este jueves, al ser el \u00faltimo de mes, el <strong>Factory Outlet M\u00e1laga<\/strong> celebra una vez m\u00e1s su #SuperJueves, en el que se podr\u00e1n encontrar las siguientes promociones:<\/p>\n<p>-Parfois: 5 x 2 en art\u00edculos de bisuter\u00eda seleccionados.<br \/>\n&#8211; Desigual: 20% adicional al precio outlet en vestidos.<br \/>\n&#8211; Solera: En todas las compras, te regalamos un pa\u00f1uelo primavera.<br \/>\n&#8211; Famaliving: 10% Dto. en toda la colecci\u00f3n de sof\u00e1s Famaliving.<br \/>\n&#8211; Stylo: 20% Dto. adicional en una selecci\u00f3n de art\u00edculos.<br \/>\n&#8211; Soloptical: 40% sol (polarizadas). 30% gafas graduadas con filtro pantallas. 15% en lentes de contacto.<br \/>\n&#8211; Levi\u00b4s: 3 X 2 en todos los productos de tienda, del 31 al 2 de junio.<br \/>\n&#8211; Xti Store: 20% en tu segundo par en compras superiores a 19,90\u20ac. &#8211; Herradura: Regalo sorpresa por su compra.<br \/>\n&#8211; Benetton: 15% en toda la colecci\u00f3n de se\u00f1ora.<br \/>\n&#8211; Celopman: 15% Dto. en zonas saldos.<br \/>\n&#8211; Charanga: 20% de descuento extra por la compra de dos prendas tejanas.<br \/>\n-Timbos: Por la compra igual o superior a 40\u20ac, regalo de un cintur\u00f3n.<br \/>\n&#8211; Mango: 30% EXTRA EN VESTIDOS de temporada Primavera \u2013 Verano.<br \/>\n&#8211; Amichi: 30% Dto. en productos seleccionados.<br \/>\n&#8211; Mustang: Segundo par al 50%.<br \/>\n&#8211; Pull love: 30% en una selecci\u00f3n de jerseys de caballeros.<br \/>\n&#8211; OhGar: 10% de descuento en compras superiores a 50\u20ac no acumulable a otras promociones vigentes.<br \/>\n&#8211; Out Factory: 2 unidad al 50%. a excepci\u00f3n de complementos.<br \/>\n&#8211; RSV: 3 X 2 en todos los art\u00edculos de la tienda (se pagan los dos art\u00edculos de mayor importe). &#8211; Spagnolo: 20% de descuento en americanas de caballero y se\u00f1ora.<br \/>\n&#8211; S\u00faper Perfumer\u00edas: Oferta especial en art\u00edculos seleccionados de perfumer\u00eda, tratamiento y maquillaje facial.<\/p>\n<p>Adem\u00e1s, el viernes habr\u00e1 en La<strong> Temporal<\/strong> una pop up en la que se contar\u00e1 con la presencia de los dise\u00f1os de Chiribita, Eme Elen, Unum y Prenda. De 12 a 21 horas en el Centro de M\u00e1laga, en la calle Bolsa 3, 1\u00ba2.<\/p>\n<div id=\"attachment_4697\" style=\"width: 1034px\" class=\"wp-caption alignnone\"><a href=\"https:\/\/static-blogs.diariosur.es\/wp-content\/uploads\/sites\/19\/2018\/05\/rastro-1.jpg\"><img aria-describedby=\"caption-attachment-4697\" loading=\"lazy\" class=\"size-large wp-image-4697\" src=\"https:\/\/static-blogs.diariosur.es\/wp-content\/uploads\/sites\/19\/2018\/05\/rastro-1-1024x682.jpg\" alt=\"Rastro cultural en La T\u00e9rmica este viernes\" width=\"1024\" height=\"682\" srcset=\"https:\/\/static-blogs.diariosur.es\/wp-content\/uploads\/sites\/19\/2018\/05\/rastro-1-1024x682.jpg 1024w, https:\/\/static-blogs.diariosur.es\/wp-content\/uploads\/sites\/19\/2018\/05\/rastro-1-300x200.jpg 300w, https:\/\/static-blogs.diariosur.es\/wp-content\/uploads\/sites\/19\/2018\/05\/rastro-1-768x512.jpg 768w, https:\/\/static-blogs.diariosur.es\/wp-content\/uploads\/sites\/19\/2018\/05\/rastro-1.jpg 2000w\" sizes=\"(max-width: 1024px) 100vw, 1024px\" \/><\/a><p id=\"caption-attachment-4697\" class=\"wp-caption-text\">Rastro cultural en La T\u00e9rmica este viernes<\/p><\/div>\n<p>Y a partir de las 19 horas (y hasta\u00a0 la medianoche) <strong>La T\u00e9rmica<\/strong> celebrar\u00e1 su \u00faltimo Red Friday de la temporada, que incluir\u00e1 numerosas actividades para despedirse por todo lo alto. Entre los actos previstos figura su Rastro Cultural, que contar\u00e1 con 70 expositores con\u00a0una selecci\u00f3n de vinilos, fotograf\u00eda, decoraci\u00f3n, ropa vintage y moda de segunda mano, bisuter\u00eda creativa, fanzines, artesan\u00eda, ilustraci\u00f3n, c\u00e1maras de foto, coleccionismo, libros o gafas de sol entre otros.\u00a0Acompa\u00f1ar\u00e1n a los stands foodtrucks\u00a0as\u00ed como la m\u00fasica y danza de M\u00e1laga Swing en los jardines de este espacio, ubicado en la Avenida de Los Guindos de M\u00e1laga capital.<\/p>\n<p>Igualmente, el s\u00e1bado la firma artesanal <strong>Pata de koala<\/strong> ofrecer\u00e1 un showroom en el centro comercial Vialia, donde exhibir\u00e1 algunos de sus trabajos. Ser\u00e1 de 16 a 22 en Soul and hair y contar\u00e1 con la colaboraci\u00f3n de otras marcas. La entrada tambi\u00e9n es gratuita.<\/p>\n<p>Y del viernes al domingo <strong>C\u00e1rtama<\/strong> celebra su Best Food Truck Festival, en el que adem\u00e1s de gastronom\u00eda se podr\u00e1 disfrutar de un mercado Sabor a M\u00e1laga donde se instalar\u00e1n stands con productos de C\u00e1rtama y de la provincia.<\/p>\n<p>Para completar, el domingo habr\u00e1<strong> Zoco en Muelle Uno<\/strong> de 12 a 19 horas.<\/p>\n<p>\u00a1Buen fin de semana!<\/p>\n","protected":false},"excerpt":{"rendered":"<p>\u00a1Ya est\u00e1 aqu\u00ed el fin de semana! Y para celebrar la llegada de junio, vamos a poder disfrutar en M\u00e1laga de una variada lista de citas con la artesan\u00eda y la moda. Por un lado, este jueves, al ser el \u00faltimo de mes, el Factory Outlet M\u00e1laga celebra una vez m\u00e1s su #SuperJueves, en el [&hellip;]<\/p>\n","protected":false},"author":24,"featured_media":0,"comment_status":"open","ping_status":"open","sticky":false,"template":"","format":"standard","meta":[],"categories":[2,4,7],"tags":[24,4230,4228,1341,4229,1914,1918,3123,4137,3972],"_links":{"self":[{"href":"https:\/\/blogs.diariosur.es\/-que-le-compro-\/wp-json\/wp\/v2\/posts\/4696"}],"collection":[{"href":"https:\/\/blogs.diariosur.es\/-que-le-compro-\/wp-json\/wp\/v2\/posts"}],"about":[{"href":"https:\/\/blogs.diariosur.es\/-que-le-compro-\/wp-json\/wp\/v2\/types\/post"}],"author":[{"embeddable":true,"href":"https:\/\/blogs.diariosur.es\/-que-le-compro-\/wp-json\/wp\/v2\/users\/24"}],"replies":[{"embeddable":true,"href":"https:\/\/blogs.diariosur.es\/-que-le-compro-\/wp-json\/wp\/v2\/comments?post=4696"}],"version-history":[{"count":5,"href":"https:\/\/blogs.diariosur.es\/-que-le-compro-\/wp-json\/wp\/v2\/posts\/4696\/revisions"}],"predecessor-version":[{"id":4702,"href":"https:\/\/blogs.diariosur.es\/-que-le-compro-\/wp-json\/wp\/v2\/posts\/4696\/revisions\/4702"}],"wp:attachment":[{"href":"https:\/\/blogs.diariosur.es\/-que-le-compro-\/wp-json\/wp\/v2\/media?parent=4696"}],"wp:term":[{"taxonomy":"category","embeddable":true,"href":"https:\/\/blogs.diariosur.es\/-que-le-compro-\/wp-json\/wp\/v2\/categories?post=4696"},{"taxonomy":"post_tag","embeddable":true,"href":"https:\/\/blogs.diariosur.es\/-que-le-compro-\/wp-json\/wp\/v2\/tags?post=4696"}],"curies":[{"name":"wp","href":"https:\/\/api.w.org\/{rel}","templated":true}]}}