{"id":4725,"date":"2018-06-20T23:49:29","date_gmt":"2018-06-20T21:49:29","guid":{"rendered":"http:\/\/blogs.diariosur.es\/-que-le-compro-\/?p=4725"},"modified":"2018-06-23T19:02:31","modified_gmt":"2018-06-23T17:02:31","slug":"mercadillos-malaga-junio-sanjuan","status":"publish","type":"post","link":"https:\/\/blogs.diariosur.es\/-que-le-compro-\/2018\/06\/20\/mercadillos-malaga-junio-sanjuan\/","title":{"rendered":"Estrenos en la agenda de mercadillos"},"content":{"rendered":"<p>Llega el fin de semana, y la agenda de mercadillos de estos d\u00edas en M\u00e1laga viene a tope, y adem\u00e1s con varias novedades. Por ejemplo, el cambio de ubicaci\u00f3n en Torremolinos del\u00a0Mercado de la Asociaci\u00f3n Atenea de Artesanas y Artesanos. Despu\u00e9s de unos meses en las plazas Andaluc\u00eda y San Miguel los viernes y s\u00e1bdos, pasa a celebrarse en La Carihuela hasta septiembre. Concretamente, en el pasaje La Carihuela, junto al colegio Albaida, en la conexi\u00f3n de la plaza Chiriva con el paseo mar\u00edtimo. All\u00ed podr\u00e1n visitarse los expositores los\u00a0martes, viernes y s\u00e1bado en horario de 18 a 00 horas. En julio y agosto ampliar\u00e1 su calendario de apertura a los lunes, martes, mi\u00e9rcoles, viernes y s\u00e1bados en esa misma franja\u00a0 y en septiembre abrir\u00e1 los viernes y s\u00e1bado de 17 a 22 horas.<\/p>\n<p>Adem\u00e1s, ya sab\u00e9is que cada d\u00eda puede visitarse la\u00a0<strong>XVIII Muestra Internacional de Artesan\u00eda<\/strong>\u00a0que acoge la Plaza Antonio Banderas de Puerto Ban\u00fas, con expositores\u00a0de diversos pa\u00edses y culturas hasta el\u00a031 de agosto. El horario es\u00a0de\u00a0lunes a jueves de 11 a 00 horas\u00a0y de viernes a domingo de 11 a\u00a0\u00a0una de la madrugada.<br \/>\nEn la capital, Muelle Uno ofrece su reci\u00e9n inaugurado\u00a0<strong>Mercado de Verano<\/strong>, que se puede visitar diariamente\u00a0hasta el 19 de agosto de 12:00 a\u00a000 horas\u00a0en la Plaza Principal.<\/p>\n<p>Y este viernes la tienda del Centro de M\u00e1laga (calle M\u00e1rtires 11) <strong>Srta. White Shop<\/strong> da la bienvenida al verano con una Summer Party de 19 a 21 horas en la que se podr\u00e1 disfrutar de algo para picar, descuentos del 5% en sus marcas y\u00a0expertas en moda para novias y preparativos de bodas.<\/p>\n<p>Por su parte,\u00a0\u00a0este s\u00e1bado Campillos celebra su tercera Noche en Blanco, que a partir de las 21 horas ofrecer\u00e1, entre otras actividades, una <strong>shopping nigh<\/strong>t con descuentos en los 30 establecimientos que formar\u00e1n parte de esta iniciativa.<\/p>\n<p><a href=\"https:\/\/static-blogs.diariosur.es\/wp-content\/uploads\/sites\/19\/2018\/06\/pendientess.jpg\"><img loading=\"lazy\" class=\"alignnone size-full wp-image-4726\" src=\"https:\/\/static-blogs.diariosur.es\/wp-content\/uploads\/sites\/19\/2018\/06\/pendientess.jpg\" alt=\"pendientess\" width=\"960\" height=\"720\" srcset=\"https:\/\/static-blogs.diariosur.es\/wp-content\/uploads\/sites\/19\/2018\/06\/pendientess.jpg 960w, https:\/\/static-blogs.diariosur.es\/wp-content\/uploads\/sites\/19\/2018\/06\/pendientess-300x225.jpg 300w, https:\/\/static-blogs.diariosur.es\/wp-content\/uploads\/sites\/19\/2018\/06\/pendientess-768x576.jpg 768w\" sizes=\"(max-width: 960px) 100vw, 960px\" \/><\/a><\/p>\n<p>Para completar,\u00a0este domingo al ser el cuarto del mes coinciden en M\u00e1laga capital <strong>La Plaza Merced Market<\/strong> y el <strong>Malagueta 4 Market<\/strong>. El primero se celebra en la c\u00e9ntrica plaza del mismo nombre de 11 a 19 horas, mientras que el segundo &#8216;toma&#8217; el paseo mar\u00edtimo Ciudad de Melilla de 10 a 21 horas. Ambos re\u00fanen a un importante grupo de creadores locales que exhibir\u00e1n art\u00edculos de moda, decoraci\u00f3n, accesorios y mucho m\u00e1s.<\/p>\n<p>\u00a1Buen fin de semana!<\/p>\n","protected":false},"excerpt":{"rendered":"<p>Llega el fin de semana, y la agenda de mercadillos de estos d\u00edas en M\u00e1laga viene a tope, y adem\u00e1s con varias novedades. Por ejemplo, el cambio de ubicaci\u00f3n en Torremolinos del\u00a0Mercado de la Asociaci\u00f3n Atenea de Artesanas y Artesanos. Despu\u00e9s de unos meses en las plazas Andaluc\u00eda y San Miguel los viernes y s\u00e1bdos, [&hellip;]<\/p>\n","protected":false},"author":24,"featured_media":0,"comment_status":"open","ping_status":"open","sticky":false,"template":"","format":"standard","meta":[],"categories":[4,7],"tags":[1902,2064,4178,4244,4239,2572,4245,3370,4246],"_links":{"self":[{"href":"https:\/\/blogs.diariosur.es\/-que-le-compro-\/wp-json\/wp\/v2\/posts\/4725"}],"collection":[{"href":"https:\/\/blogs.diariosur.es\/-que-le-compro-\/wp-json\/wp\/v2\/posts"}],"about":[{"href":"https:\/\/blogs.diariosur.es\/-que-le-compro-\/wp-json\/wp\/v2\/types\/post"}],"author":[{"embeddable":true,"href":"https:\/\/blogs.diariosur.es\/-que-le-compro-\/wp-json\/wp\/v2\/users\/24"}],"replies":[{"embeddable":true,"href":"https:\/\/blogs.diariosur.es\/-que-le-compro-\/wp-json\/wp\/v2\/comments?post=4725"}],"version-history":[{"count":3,"href":"https:\/\/blogs.diariosur.es\/-que-le-compro-\/wp-json\/wp\/v2\/posts\/4725\/revisions"}],"predecessor-version":[{"id":4730,"href":"https:\/\/blogs.diariosur.es\/-que-le-compro-\/wp-json\/wp\/v2\/posts\/4725\/revisions\/4730"}],"wp:attachment":[{"href":"https:\/\/blogs.diariosur.es\/-que-le-compro-\/wp-json\/wp\/v2\/media?parent=4725"}],"wp:term":[{"taxonomy":"category","embeddable":true,"href":"https:\/\/blogs.diariosur.es\/-que-le-compro-\/wp-json\/wp\/v2\/categories?post=4725"},{"taxonomy":"post_tag","embeddable":true,"href":"https:\/\/blogs.diariosur.es\/-que-le-compro-\/wp-json\/wp\/v2\/tags?post=4725"}],"curies":[{"name":"wp","href":"https:\/\/api.w.org\/{rel}","templated":true}]}}