{"id":4734,"date":"2018-06-27T14:11:39","date_gmt":"2018-06-27T12:11:39","guid":{"rendered":"http:\/\/blogs.diariosur.es\/-que-le-compro-\/?p=4734"},"modified":"2018-06-27T14:11:39","modified_gmt":"2018-06-27T12:11:39","slug":"malaga-factory-cambia-fiesta","status":"publish","type":"post","link":"https:\/\/blogs.diariosur.es\/-que-le-compro-\/2018\/06\/27\/malaga-factory-cambia-fiesta\/","title":{"rendered":"M\u00e1laga Factory cambia e invita a celebrarlo"},"content":{"rendered":"<p>El centro comercial M\u00e1laga Factory cambia de imagen y se renueva. Se han realizado reformas en la infraestructura, fachada, interiores y locales del centro comercial, con el fin de lograr una mejor redistribuci\u00f3n del espacio, as\u00ed como una actualizaci\u00f3n en la imagen. Adem\u00e1s, tambi\u00e9n ha cambiado su imagen de marca y deja de llamarse Factoy Outlet M\u00e1laga para pasar a ser denominado\u00a0M\u00e1laga Factory, con un logo y unos nuevos colores corporativos.<\/p>\n<p>&nbsp;<\/p>\n<p>Y para celebrar y dar a conocer todos estos cambios, este mi\u00e9rcoles, 27 de junio, organizan una gran fiesta abierta al p\u00fablico a partir de las siete de la tarde. Habr\u00e1 varios espect\u00e1culos y actividades, adem\u00e1s de contar con una zona \u2018Photocall\u2019 para inmortalizar el momento, as\u00ed como animaciones infantiles para el disfrute de los m\u00e1s peque\u00f1os. Tambi\u00e9n se instalar\u00e1 durante la fiesta una zona de premios, en la que los clientes podr\u00e1n conseguir regalos seguros al canjear sus tickets de compra.<\/p>\n<p>La fiesta estar\u00e1 amenizada en todo momento por un DJ y animadores que interactuar\u00e1n con el p\u00fablico anim\u00e1ndolos a participar en todas las actividades y m\u00e1s sorpresas. Con entrada gratis.<\/p>\n<p><a href=\"https:\/\/static-blogs.diariosur.es\/wp-content\/uploads\/sites\/19\/2018\/06\/factory6.jpg\"><img loading=\"lazy\" class=\"alignnone size-large wp-image-4735\" src=\"https:\/\/static-blogs.diariosur.es\/wp-content\/uploads\/sites\/19\/2018\/06\/factory6-1024x683.jpg\" alt=\"factory6\" width=\"1024\" height=\"683\" srcset=\"https:\/\/static-blogs.diariosur.es\/wp-content\/uploads\/sites\/19\/2018\/06\/factory6-1024x683.jpg 1024w, https:\/\/static-blogs.diariosur.es\/wp-content\/uploads\/sites\/19\/2018\/06\/factory6-300x200.jpg 300w, https:\/\/static-blogs.diariosur.es\/wp-content\/uploads\/sites\/19\/2018\/06\/factory6-768x512.jpg 768w, https:\/\/static-blogs.diariosur.es\/wp-content\/uploads\/sites\/19\/2018\/06\/factory6.jpg 1500w\" sizes=\"(max-width: 1024px) 100vw, 1024px\" \/><\/a><\/p>\n","protected":false},"excerpt":{"rendered":"<p>El centro comercial M\u00e1laga Factory cambia de imagen y se renueva. Se han realizado reformas en la infraestructura, fachada, interiores y locales del centro comercial, con el fin de lograr una mejor redistribuci\u00f3n del espacio, as\u00ed como una actualizaci\u00f3n en la imagen. Adem\u00e1s, tambi\u00e9n ha cambiado su imagen de marca y deja de llamarse Factoy [&hellip;]<\/p>\n","protected":false},"author":24,"featured_media":0,"comment_status":"open","ping_status":"open","sticky":false,"template":"","format":"standard","meta":[],"categories":[2],"tags":[4252,1341,4250,2781,4251],"_links":{"self":[{"href":"https:\/\/blogs.diariosur.es\/-que-le-compro-\/wp-json\/wp\/v2\/posts\/4734"}],"collection":[{"href":"https:\/\/blogs.diariosur.es\/-que-le-compro-\/wp-json\/wp\/v2\/posts"}],"about":[{"href":"https:\/\/blogs.diariosur.es\/-que-le-compro-\/wp-json\/wp\/v2\/types\/post"}],"author":[{"embeddable":true,"href":"https:\/\/blogs.diariosur.es\/-que-le-compro-\/wp-json\/wp\/v2\/users\/24"}],"replies":[{"embeddable":true,"href":"https:\/\/blogs.diariosur.es\/-que-le-compro-\/wp-json\/wp\/v2\/comments?post=4734"}],"version-history":[{"count":1,"href":"https:\/\/blogs.diariosur.es\/-que-le-compro-\/wp-json\/wp\/v2\/posts\/4734\/revisions"}],"predecessor-version":[{"id":4736,"href":"https:\/\/blogs.diariosur.es\/-que-le-compro-\/wp-json\/wp\/v2\/posts\/4734\/revisions\/4736"}],"wp:attachment":[{"href":"https:\/\/blogs.diariosur.es\/-que-le-compro-\/wp-json\/wp\/v2\/media?parent=4734"}],"wp:term":[{"taxonomy":"category","embeddable":true,"href":"https:\/\/blogs.diariosur.es\/-que-le-compro-\/wp-json\/wp\/v2\/categories?post=4734"},{"taxonomy":"post_tag","embeddable":true,"href":"https:\/\/blogs.diariosur.es\/-que-le-compro-\/wp-json\/wp\/v2\/tags?post=4734"}],"curies":[{"name":"wp","href":"https:\/\/api.w.org\/{rel}","templated":true}]}}