{"id":4737,"date":"2018-06-28T15:16:33","date_gmt":"2018-06-28T13:16:33","guid":{"rendered":"http:\/\/blogs.diariosur.es\/-que-le-compro-\/?p=4737"},"modified":"2018-06-28T16:42:59","modified_gmt":"2018-06-28T14:42:59","slug":"mercadillos-malaga-junio-final","status":"publish","type":"post","link":"https:\/\/blogs.diariosur.es\/-que-le-compro-\/2018\/06\/28\/mercadillos-malaga-junio-final\/","title":{"rendered":"Junio se despide con numerosos mercadillos en M\u00e1laga"},"content":{"rendered":"<p>Llega el fin de semana y con \u00e9l toca hablar de las citas con la moda y la artesan\u00eda de M\u00e1laga, que en este final de junio y principio de julio va a haber muchas y muy repartidas.<\/p>\n<p>Hasta el 3 de agosto puede visitarse diariamente la\u00a0<strong>XVIII Muestra Internacional de Artesan\u00eda<\/strong>\u00a0que acoge la Plaza Antonio Banderas de Puerto Ban\u00fas, con expositores\u00a0de diversos pa\u00edses. El horario es\u00a0de\u00a0lunes a jueves de 11 a 00 horas\u00a0y de viernes a domingo de 11 a\u00a0\u00a0una de la madrugada.<\/p>\n<p><a href=\"https:\/\/static-blogs.diariosur.es\/wp-content\/uploads\/sites\/19\/2018\/06\/mercado-verano.jpg\"><img loading=\"lazy\" class=\"alignnone size-full wp-image-4738\" src=\"https:\/\/static-blogs.diariosur.es\/wp-content\/uploads\/sites\/19\/2018\/06\/mercado-verano.jpg\" alt=\"mercado-verano\" width=\"960\" height=\"960\" srcset=\"https:\/\/static-blogs.diariosur.es\/wp-content\/uploads\/sites\/19\/2018\/06\/mercado-verano.jpg 960w, https:\/\/static-blogs.diariosur.es\/wp-content\/uploads\/sites\/19\/2018\/06\/mercado-verano-150x150.jpg 150w, https:\/\/static-blogs.diariosur.es\/wp-content\/uploads\/sites\/19\/2018\/06\/mercado-verano-300x300.jpg 300w, https:\/\/static-blogs.diariosur.es\/wp-content\/uploads\/sites\/19\/2018\/06\/mercado-verano-768x768.jpg 768w\" sizes=\"(max-width: 960px) 100vw, 960px\" \/><\/a><br \/>\nEn la capital tambi\u00e9n hay este verano una propuesta diaria: la de Muelle Uno y su\u00a0<strong>Mercado de Verano<\/strong>, que se puede visitar diariamente\u00a0hasta el 19 de agosto de 12:00 a\u00a000 horas\u00a0en la Plaza Principal.<\/p>\n<p>Y pensando ya en concreto en este fin de semana, en <strong>Torremolinos<\/strong> figura el mercado artesanal de la asociaci\u00f3n Atenea, que\u00a0est\u00e1 instalado el pasaje La Carihuela, junto al colegio Albaida, en la conexi\u00f3n de la plaza Chiriva con el paseo mar\u00edtimo. Los expositores est\u00e1n abiertos los\u00a0martes, viernes y s\u00e1bado en horario de 18 a 00 horas. En julio y agosto ampliar\u00e1 su calendario de apertura a los lunes, martes, mi\u00e9rcoles, viernes y s\u00e1bados en esa misma franja\u00a0 y en septiembre abrir\u00e1 los viernes y s\u00e1bado de 17 a 22 horas.<\/p>\n<p>En la capital, la firma Bimani 13 ha elegido <strong>La Temporal<\/strong> (calle Bolsa 3, 1\u00ba2, en el Centro de M\u00e1laga) para recalar dentro de su tour por distintas ciudades y exhibir en directo sus creaciones. La cita es desde este jueves a las 18 horas hasta el s\u00e1bado, con entrada gratuita previa reserva.<\/p>\n<p>El viernes, <strong>La T\u00e9rmica<\/strong> celebra su Noche m\u00e1s Queer, y dentro de las actividades programadas destaca un rastro LGTB+ que podr\u00e1 visitarse desde las 20 horas. En esta ocasi\u00f3n la iniciativa se celebrar\u00e1 en el patio de la biblioteca de este inmueble cultural, tambi\u00e9n con entrada libre.<\/p>\n<p>De vuelta a la provincia, dos citas m\u00e1s: este viernes y s\u00e1bado <strong>\u00c1lora<\/strong> celebra sus Noches Al-Lo\u00e1rabe, que incluir\u00e1 un zoco \u00e1rabe ambos d\u00edas, entre otras actividades. Para completar, <strong>Alfarnate<\/strong> festeja este s\u00e1bado su D\u00eda de la Cereza y en su programa de actos no faltar\u00e1 un mercado de alimentaci\u00f3n, con esta fruta como protagonista.<\/p>\n<p>Para completar, el domingo habr\u00e1<strong> Zoco en Muelle Uno<\/strong>, que estrena horario de cinco de la tarde a doce de la noche<\/p>\n<p>\u00a1Buen fin de semana!<\/p>\n","protected":false},"excerpt":{"rendered":"<p>Llega el fin de semana y con \u00e9l toca hablar de las citas con la moda y la artesan\u00eda de M\u00e1laga, que en este final de junio y principio de julio va a haber muchas y muy repartidas. Hasta el 3 de agosto puede visitarse diariamente la\u00a0XVIII Muestra Internacional de Artesan\u00eda\u00a0que acoge la Plaza Antonio [&hellip;]<\/p>\n","protected":false},"author":24,"featured_media":0,"comment_status":"open","ping_status":"open","sticky":false,"template":"","format":"standard","meta":[],"categories":[3,4,8],"tags":[4145,4254,4256,1914,4207,4239,4255,4253],"_links":{"self":[{"href":"https:\/\/blogs.diariosur.es\/-que-le-compro-\/wp-json\/wp\/v2\/posts\/4737"}],"collection":[{"href":"https:\/\/blogs.diariosur.es\/-que-le-compro-\/wp-json\/wp\/v2\/posts"}],"about":[{"href":"https:\/\/blogs.diariosur.es\/-que-le-compro-\/wp-json\/wp\/v2\/types\/post"}],"author":[{"embeddable":true,"href":"https:\/\/blogs.diariosur.es\/-que-le-compro-\/wp-json\/wp\/v2\/users\/24"}],"replies":[{"embeddable":true,"href":"https:\/\/blogs.diariosur.es\/-que-le-compro-\/wp-json\/wp\/v2\/comments?post=4737"}],"version-history":[{"count":2,"href":"https:\/\/blogs.diariosur.es\/-que-le-compro-\/wp-json\/wp\/v2\/posts\/4737\/revisions"}],"predecessor-version":[{"id":4740,"href":"https:\/\/blogs.diariosur.es\/-que-le-compro-\/wp-json\/wp\/v2\/posts\/4737\/revisions\/4740"}],"wp:attachment":[{"href":"https:\/\/blogs.diariosur.es\/-que-le-compro-\/wp-json\/wp\/v2\/media?parent=4737"}],"wp:term":[{"taxonomy":"category","embeddable":true,"href":"https:\/\/blogs.diariosur.es\/-que-le-compro-\/wp-json\/wp\/v2\/categories?post=4737"},{"taxonomy":"post_tag","embeddable":true,"href":"https:\/\/blogs.diariosur.es\/-que-le-compro-\/wp-json\/wp\/v2\/tags?post=4737"}],"curies":[{"name":"wp","href":"https:\/\/api.w.org\/{rel}","templated":true}]}}