{"id":4847,"date":"2018-10-16T19:18:19","date_gmt":"2018-10-16T17:18:19","guid":{"rendered":"http:\/\/blogs.diariosur.es\/-que-le-compro-\/?p=4847"},"modified":"2018-10-16T19:18:19","modified_gmt":"2018-10-16T17:18:19","slug":"nuevas-tiendas-malaga-koroshi","status":"publish","type":"post","link":"https:\/\/blogs.diariosur.es\/-que-le-compro-\/2018\/10\/16\/nuevas-tiendas-malaga-koroshi\/","title":{"rendered":"El nuevo look del Rosaleda"},"content":{"rendered":"<p>Si bien es cierto que durante una \u00e9poca ha estado algo m\u00e1s apagado, por suerte ha remontado y ahora luce una\u00a0imagen reluciente. Me refiero al centro comercial Rosaleda, que en los \u00faltimos meses ha disfrutado de un cambio de cara apoyado por varias aperturas. As\u00ed, en lo que va de a\u00f1o se han incorporado varias firmas, entre las que destaca<strong> Koroshi<\/strong> (que abri\u00f3 en este centro, donde estaba antes Cortefiel, su\u00a0primera tienda en Andaluc\u00eda, y poco despu\u00e9s la segunda en la localidad granadina de Armilla), <strong>Merkal<\/strong> y anteriormente <strong>Kiabi<\/strong>.<\/p>\n<p>Adem\u00e1s, <strong>C&amp;A<\/strong> reform\u00f3 su tienda y tambi\u00e9n ha habido cambios en su oferta de restauraci\u00f3n. Por supuesto, cl\u00e1sicos como Decathlon, Carrefour, Pimkie o Lefties (que en su d\u00eda relev\u00f3 a Zara) contin\u00faan en este recinto: \u00a1buenas noticias!<\/p>\n<div id=\"attachment_4848\" style=\"width: 805px\" class=\"wp-caption alignnone\"><a href=\"https:\/\/static-blogs.diariosur.es\/wp-content\/uploads\/sites\/19\/2018\/10\/merkal.jpg\"><img aria-describedby=\"caption-attachment-4848\" loading=\"lazy\" class=\"size-full wp-image-4848\" src=\"https:\/\/static-blogs.diariosur.es\/wp-content\/uploads\/sites\/19\/2018\/10\/merkal.jpg\" alt=\"Interior de la tienda Merkal en el c.c. Rosaleda\" width=\"795\" height=\"795\" srcset=\"https:\/\/static-blogs.diariosur.es\/wp-content\/uploads\/sites\/19\/2018\/10\/merkal.jpg 795w, https:\/\/static-blogs.diariosur.es\/wp-content\/uploads\/sites\/19\/2018\/10\/merkal-150x150.jpg 150w, https:\/\/static-blogs.diariosur.es\/wp-content\/uploads\/sites\/19\/2018\/10\/merkal-300x300.jpg 300w, https:\/\/static-blogs.diariosur.es\/wp-content\/uploads\/sites\/19\/2018\/10\/merkal-768x768.jpg 768w\" sizes=\"(max-width: 795px) 100vw, 795px\" \/><\/a><p id=\"caption-attachment-4848\" class=\"wp-caption-text\">Interior de la tienda Merkal en el c.c. Rosaleda<\/p><\/div>\n","protected":false},"excerpt":{"rendered":"<p>Si bien es cierto que durante una \u00e9poca ha estado algo m\u00e1s apagado, por suerte ha remontado y ahora luce una\u00a0imagen reluciente. Me refiero al centro comercial Rosaleda, que en los \u00faltimos meses ha disfrutado de un cambio de cara apoyado por varias aperturas. As\u00ed, en lo que va de a\u00f1o se han incorporado varias [&hellip;]<\/p>\n","protected":false},"author":24,"featured_media":0,"comment_status":"open","ping_status":"open","sticky":false,"template":"","format":"standard","meta":[],"categories":[2,7],"tags":[703,1023,4316,4313,4314,3658,4315],"_links":{"self":[{"href":"https:\/\/blogs.diariosur.es\/-que-le-compro-\/wp-json\/wp\/v2\/posts\/4847"}],"collection":[{"href":"https:\/\/blogs.diariosur.es\/-que-le-compro-\/wp-json\/wp\/v2\/posts"}],"about":[{"href":"https:\/\/blogs.diariosur.es\/-que-le-compro-\/wp-json\/wp\/v2\/types\/post"}],"author":[{"embeddable":true,"href":"https:\/\/blogs.diariosur.es\/-que-le-compro-\/wp-json\/wp\/v2\/users\/24"}],"replies":[{"embeddable":true,"href":"https:\/\/blogs.diariosur.es\/-que-le-compro-\/wp-json\/wp\/v2\/comments?post=4847"}],"version-history":[{"count":1,"href":"https:\/\/blogs.diariosur.es\/-que-le-compro-\/wp-json\/wp\/v2\/posts\/4847\/revisions"}],"predecessor-version":[{"id":4849,"href":"https:\/\/blogs.diariosur.es\/-que-le-compro-\/wp-json\/wp\/v2\/posts\/4847\/revisions\/4849"}],"wp:attachment":[{"href":"https:\/\/blogs.diariosur.es\/-que-le-compro-\/wp-json\/wp\/v2\/media?parent=4847"}],"wp:term":[{"taxonomy":"category","embeddable":true,"href":"https:\/\/blogs.diariosur.es\/-que-le-compro-\/wp-json\/wp\/v2\/categories?post=4847"},{"taxonomy":"post_tag","embeddable":true,"href":"https:\/\/blogs.diariosur.es\/-que-le-compro-\/wp-json\/wp\/v2\/tags?post=4847"}],"curies":[{"name":"wp","href":"https:\/\/api.w.org\/{rel}","templated":true}]}}