{"id":4851,"date":"2018-10-18T15:55:56","date_gmt":"2018-10-18T13:55:56","guid":{"rendered":"http:\/\/blogs.diariosur.es\/-que-le-compro-\/?p=4851"},"modified":"2018-10-18T15:55:56","modified_gmt":"2018-10-18T13:55:56","slug":"mercadillos-octubre-lluvia-malaga","status":"publish","type":"post","link":"https:\/\/blogs.diariosur.es\/-que-le-compro-\/2018\/10\/18\/mercadillos-octubre-lluvia-malaga\/","title":{"rendered":"Mercadillos en M\u00e1laga si la lluvia no lo impide"},"content":{"rendered":"<p>Toca volver a estar pendientes este fin de semana de nuevo de la lluvia, que parece que va a seguir en M\u00e1laga. Pero si la meteorolog\u00eda no lo impide, habr\u00e1 unas cuantas citas con la artesan\u00eda estos d\u00edas. Una ser\u00e1 en La Temporal, que en su pop up de este 19 de octubre mostrar\u00e1 los trabajos de Mar\u00eda bravo, Unun Eyewear y Prenda. De 12 a 21 horas en la calle La Bolsa 3, 1\u00ba2.<\/p>\n<p>Tambi\u00e9n este viernes, si no hay imprevistos, volver\u00e1n a la plaza San Miguel de Torremolinos los expositores del mercadillo de la asociaci\u00f3n artesanal Atenea, pero con cambios: as\u00ed, a partir de ahora, estar\u00e1n los viernes y s\u00e1bados de 11 a 18 horas.<\/p>\n<p>&nbsp;<\/p>\n<p>Para el domingo, Tivoli World celebra el d\u00eda de Torremolinos, y tambi\u00e9n se podr\u00e1 disfrutar durante la jornada en el parque de atracciones de los trabajos de artesanos de la localidad.<\/p>\n<p>\u00a1Buen fin de semana!<\/p>\n<p><a href=\"https:\/\/static-blogs.diariosur.es\/wp-content\/uploads\/sites\/19\/2018\/10\/cuadros.jpg\"><img loading=\"lazy\" class=\"alignnone size-full wp-image-4852\" src=\"https:\/\/static-blogs.diariosur.es\/wp-content\/uploads\/sites\/19\/2018\/10\/cuadros.jpg\" alt=\"cuadros\" width=\"775\" height=\"960\" srcset=\"https:\/\/static-blogs.diariosur.es\/wp-content\/uploads\/sites\/19\/2018\/10\/cuadros.jpg 775w, https:\/\/static-blogs.diariosur.es\/wp-content\/uploads\/sites\/19\/2018\/10\/cuadros-242x300.jpg 242w, https:\/\/static-blogs.diariosur.es\/wp-content\/uploads\/sites\/19\/2018\/10\/cuadros-768x951.jpg 768w\" sizes=\"(max-width: 775px) 100vw, 775px\" \/><\/a><\/p>\n","protected":false},"excerpt":{"rendered":"<p>Toca volver a estar pendientes este fin de semana de nuevo de la lluvia, que parece que va a seguir en M\u00e1laga. Pero si la meteorolog\u00eda no lo impide, habr\u00e1 unas cuantas citas con la artesan\u00eda estos d\u00edas. Una ser\u00e1 en La Temporal, que en su pop up de este 19 de octubre mostrar\u00e1 los [&hellip;]<\/p>\n","protected":false},"author":24,"featured_media":0,"comment_status":"open","ping_status":"open","sticky":false,"template":"","format":"standard","meta":[],"categories":[4],"tags":[4145,4318,4317,3758],"_links":{"self":[{"href":"https:\/\/blogs.diariosur.es\/-que-le-compro-\/wp-json\/wp\/v2\/posts\/4851"}],"collection":[{"href":"https:\/\/blogs.diariosur.es\/-que-le-compro-\/wp-json\/wp\/v2\/posts"}],"about":[{"href":"https:\/\/blogs.diariosur.es\/-que-le-compro-\/wp-json\/wp\/v2\/types\/post"}],"author":[{"embeddable":true,"href":"https:\/\/blogs.diariosur.es\/-que-le-compro-\/wp-json\/wp\/v2\/users\/24"}],"replies":[{"embeddable":true,"href":"https:\/\/blogs.diariosur.es\/-que-le-compro-\/wp-json\/wp\/v2\/comments?post=4851"}],"version-history":[{"count":1,"href":"https:\/\/blogs.diariosur.es\/-que-le-compro-\/wp-json\/wp\/v2\/posts\/4851\/revisions"}],"predecessor-version":[{"id":4853,"href":"https:\/\/blogs.diariosur.es\/-que-le-compro-\/wp-json\/wp\/v2\/posts\/4851\/revisions\/4853"}],"wp:attachment":[{"href":"https:\/\/blogs.diariosur.es\/-que-le-compro-\/wp-json\/wp\/v2\/media?parent=4851"}],"wp:term":[{"taxonomy":"category","embeddable":true,"href":"https:\/\/blogs.diariosur.es\/-que-le-compro-\/wp-json\/wp\/v2\/categories?post=4851"},{"taxonomy":"post_tag","embeddable":true,"href":"https:\/\/blogs.diariosur.es\/-que-le-compro-\/wp-json\/wp\/v2\/tags?post=4851"}],"curies":[{"name":"wp","href":"https:\/\/api.w.org\/{rel}","templated":true}]}}