{"id":4864,"date":"2018-10-31T14:01:08","date_gmt":"2018-10-31T13:01:08","guid":{"rendered":"http:\/\/blogs.diariosur.es\/-que-le-compro-\/?p=4864"},"modified":"2018-11-01T11:40:41","modified_gmt":"2018-11-01T10:40:41","slug":"mercadillos-puente-noviembre-malaga-2","status":"publish","type":"post","link":"https:\/\/blogs.diariosur.es\/-que-le-compro-\/2018\/10\/31\/mercadillos-puente-noviembre-malaga-2\/","title":{"rendered":"Mercadillos en este puente en M\u00e1laga"},"content":{"rendered":"<p>\u00a1Puente! A ver si el tiempo nos da una tregua en M\u00e1laga estos d\u00edas despu\u00e9s de las semanas de agua sin parar que llevamos, porque este largo fin de semana empieza el jueves festivo con un zoco extraordinario en Muelle Uno, que se celebrar\u00e1 de 11 a 19 horas. Adem\u00e1s, os recuerdo que <a href=\"https:\/\/www.diariosur.es\/malaga\/tiendas-abren-festivo-noviembre-20181029175039-nt.html\" rel=\"external nofollow\">este 1 de noviembre las tiendas abren.<\/a><\/p>\n<p>De la\u00a0jornada del viernes destaca el Rastro Cultural Nocturno de La T\u00e9rmica, que contar\u00e1 en esta ocasi\u00f3n con m\u00e1s de 60 puestos nuevos, donde el p\u00fablico encontrar\u00e1 objetos y colecciones de decoraci\u00f3n, ilustraci\u00f3n y grabados, antig\u00fcedades, juguetes vintage, vinilos, CD y casettes, marcas de ropa y complementos, puestos de cer\u00e1mica, merchandising, reciclaje de objetos, fotograf\u00eda, interiorismo y letreros, merchandising y mucho m\u00e1s. Se desarrollar\u00e1 de 19 a 00 horas, y adem\u00e1s de seis a nueve de la noche ser\u00e1 la Swap party o fiesta de intercambio de ropa.<\/p>\n<p><a href=\"https:\/\/static-blogs.diariosur.es\/wp-content\/uploads\/sites\/19\/2018\/10\/rastro.jpg\"><img loading=\"lazy\" class=\"alignnone size-full wp-image-4865\" src=\"https:\/\/static-blogs.diariosur.es\/wp-content\/uploads\/sites\/19\/2018\/10\/rastro.jpg\" alt=\"rastro\" width=\"960\" height=\"639\" srcset=\"https:\/\/static-blogs.diariosur.es\/wp-content\/uploads\/sites\/19\/2018\/10\/rastro.jpg 960w, https:\/\/static-blogs.diariosur.es\/wp-content\/uploads\/sites\/19\/2018\/10\/rastro-300x200.jpg 300w, https:\/\/static-blogs.diariosur.es\/wp-content\/uploads\/sites\/19\/2018\/10\/rastro-768x511.jpg 768w\" sizes=\"(max-width: 960px) 100vw, 960px\" \/><\/a><\/p>\n<p>Tambi\u00e9n este viernes, pero en La Temporal, habr\u00e1 pop up como es habitual de 12 a 21 horas en la calle La Bolsa 3, 1\u00ba2. En la provincia, este viernes y s\u00e1bado habr\u00e1 mercadillo en\u00a0\u00a0la plaza San Miguel de Torremolinos de 11 a 18 horas.<\/p>\n<p>\u00a1Buen fin de semana!<\/p>\n<p>&nbsp;<\/p>\n","protected":false},"excerpt":{"rendered":"<p>\u00a1Puente! A ver si el tiempo nos da una tregua en M\u00e1laga estos d\u00edas despu\u00e9s de las semanas de agua sin parar que llevamos, porque este largo fin de semana empieza el jueves festivo con un zoco extraordinario en Muelle Uno, que se celebrar\u00e1 de 11 a 19 horas. Adem\u00e1s, os recuerdo que este 1 [&hellip;]<\/p>\n","protected":false},"author":24,"featured_media":0,"comment_status":"open","ping_status":"open","sticky":false,"template":"","format":"standard","meta":[],"categories":[4],"tags":[1914,1916,2559,2977,3123,3968],"_links":{"self":[{"href":"https:\/\/blogs.diariosur.es\/-que-le-compro-\/wp-json\/wp\/v2\/posts\/4864"}],"collection":[{"href":"https:\/\/blogs.diariosur.es\/-que-le-compro-\/wp-json\/wp\/v2\/posts"}],"about":[{"href":"https:\/\/blogs.diariosur.es\/-que-le-compro-\/wp-json\/wp\/v2\/types\/post"}],"author":[{"embeddable":true,"href":"https:\/\/blogs.diariosur.es\/-que-le-compro-\/wp-json\/wp\/v2\/users\/24"}],"replies":[{"embeddable":true,"href":"https:\/\/blogs.diariosur.es\/-que-le-compro-\/wp-json\/wp\/v2\/comments?post=4864"}],"version-history":[{"count":3,"href":"https:\/\/blogs.diariosur.es\/-que-le-compro-\/wp-json\/wp\/v2\/posts\/4864\/revisions"}],"predecessor-version":[{"id":4868,"href":"https:\/\/blogs.diariosur.es\/-que-le-compro-\/wp-json\/wp\/v2\/posts\/4864\/revisions\/4868"}],"wp:attachment":[{"href":"https:\/\/blogs.diariosur.es\/-que-le-compro-\/wp-json\/wp\/v2\/media?parent=4864"}],"wp:term":[{"taxonomy":"category","embeddable":true,"href":"https:\/\/blogs.diariosur.es\/-que-le-compro-\/wp-json\/wp\/v2\/categories?post=4864"},{"taxonomy":"post_tag","embeddable":true,"href":"https:\/\/blogs.diariosur.es\/-que-le-compro-\/wp-json\/wp\/v2\/tags?post=4864"}],"curies":[{"name":"wp","href":"https:\/\/api.w.org\/{rel}","templated":true}]}}