{"id":4916,"date":"2018-12-10T00:24:13","date_gmt":"2018-12-09T23:24:13","guid":{"rendered":"http:\/\/blogs.diariosur.es\/-que-le-compro-\/?p=4916"},"modified":"2018-12-10T17:27:59","modified_gmt":"2018-12-10T16:27:59","slug":"marks-spencer-tienda-malaga","status":"publish","type":"post","link":"https:\/\/blogs.diariosur.es\/-que-le-compro-\/2018\/12\/10\/marks-spencer-tienda-malaga\/","title":{"rendered":"Marks &#038; Spencer abre en M\u00e1laga su primera tienda de lencer\u00eda"},"content":{"rendered":"<p><b>Marks &amp; Spencer<\/b>\u00a0ya est\u00e1 en M\u00e1laga capital. La firma ha abierto una tienda en la c\u00e9ntrica calle Nueva, en el Centro de la ciudad, en lo que supone un nuevo concepto de la marca en Espa\u00f1a, ya que es la primera de lencer\u00eda. En el local, que cuenta con un espacio de 185 metros cuadrados se pueden encontrar las \u00faltimas colecciones de invierno 2018 as\u00ed como los conjuntos de lencer\u00eda y las prendas esenciales de la firma<\/p>\n<p>La nueva tienda tambi\u00e9n ofrece productos exclusivos de cosm\u00e9tica y belleza de gran calidad para el cuidado de la piel, ba\u00f1o y fragancias con diferentes l\u00edneas como la sofisticada \u201cRosie for Autograph\u201d, la l\u00ednea natural \u201cNature&#8217;s Extract\u201d y la nutritiva gama \u201cPure Skincare\u201d, todas ellas desarrolladas espec\u00edficamente por\u00a0Marks &amp; Spencer\u00a0para ofrecer un cuidado natural de la piel.<\/p>\n<p>\u00a1Bienvenidos!<\/p>\n<p><a href=\"https:\/\/static-blogs.diariosur.es\/wp-content\/uploads\/sites\/19\/2018\/12\/tienda.jpg\"><img loading=\"lazy\" class=\"alignnone size-large wp-image-4919\" src=\"https:\/\/static-blogs.diariosur.es\/wp-content\/uploads\/sites\/19\/2018\/12\/tienda-1024x683.jpg\" alt=\"tienda\" width=\"1024\" height=\"683\" srcset=\"https:\/\/static-blogs.diariosur.es\/wp-content\/uploads\/sites\/19\/2018\/12\/tienda-1024x683.jpg 1024w, https:\/\/static-blogs.diariosur.es\/wp-content\/uploads\/sites\/19\/2018\/12\/tienda-300x200.jpg 300w, https:\/\/static-blogs.diariosur.es\/wp-content\/uploads\/sites\/19\/2018\/12\/tienda-768x512.jpg 768w, https:\/\/static-blogs.diariosur.es\/wp-content\/uploads\/sites\/19\/2018\/12\/tienda.jpg 1200w\" sizes=\"(max-width: 1024px) 100vw, 1024px\" \/><\/a><\/p>\n","protected":false},"excerpt":{"rendered":"<p>Marks &amp; Spencer\u00a0ya est\u00e1 en M\u00e1laga capital. La firma ha abierto una tienda en la c\u00e9ntrica calle Nueva, en el Centro de la ciudad, en lo que supone un nuevo concepto de la marca en Espa\u00f1a, ya que es la primera de lencer\u00eda. En el local, que cuenta con un espacio de 185 metros cuadrados [&hellip;]<\/p>\n","protected":false},"author":24,"featured_media":0,"comment_status":"open","ping_status":"open","sticky":false,"template":"","format":"standard","meta":[],"categories":[7,8],"tags":[2126,4052,4351,3682],"_links":{"self":[{"href":"https:\/\/blogs.diariosur.es\/-que-le-compro-\/wp-json\/wp\/v2\/posts\/4916"}],"collection":[{"href":"https:\/\/blogs.diariosur.es\/-que-le-compro-\/wp-json\/wp\/v2\/posts"}],"about":[{"href":"https:\/\/blogs.diariosur.es\/-que-le-compro-\/wp-json\/wp\/v2\/types\/post"}],"author":[{"embeddable":true,"href":"https:\/\/blogs.diariosur.es\/-que-le-compro-\/wp-json\/wp\/v2\/users\/24"}],"replies":[{"embeddable":true,"href":"https:\/\/blogs.diariosur.es\/-que-le-compro-\/wp-json\/wp\/v2\/comments?post=4916"}],"version-history":[{"count":2,"href":"https:\/\/blogs.diariosur.es\/-que-le-compro-\/wp-json\/wp\/v2\/posts\/4916\/revisions"}],"predecessor-version":[{"id":4920,"href":"https:\/\/blogs.diariosur.es\/-que-le-compro-\/wp-json\/wp\/v2\/posts\/4916\/revisions\/4920"}],"wp:attachment":[{"href":"https:\/\/blogs.diariosur.es\/-que-le-compro-\/wp-json\/wp\/v2\/media?parent=4916"}],"wp:term":[{"taxonomy":"category","embeddable":true,"href":"https:\/\/blogs.diariosur.es\/-que-le-compro-\/wp-json\/wp\/v2\/categories?post=4916"},{"taxonomy":"post_tag","embeddable":true,"href":"https:\/\/blogs.diariosur.es\/-que-le-compro-\/wp-json\/wp\/v2\/tags?post=4916"}],"curies":[{"name":"wp","href":"https:\/\/api.w.org\/{rel}","templated":true}]}}