{"id":5060,"date":"2019-04-07T23:49:13","date_gmt":"2019-04-07T21:49:13","guid":{"rendered":"http:\/\/blogs.diariosur.es\/-que-le-compro-\/?p=5060"},"modified":"2019-04-07T23:49:13","modified_gmt":"2019-04-07T21:49:13","slug":"sabor-espana-tienda-malaga","status":"publish","type":"post","link":"https:\/\/blogs.diariosur.es\/-que-le-compro-\/2019\/04\/07\/sabor-espana-tienda-malaga\/","title":{"rendered":"Sabor a Espa\u00f1a abre tienda en la calle Larios"},"content":{"rendered":"<p>La empresa cordobesa &#8216;Sabor a Espa\u00f1a&#8217; suma y sigue. Ha abierto la que es su cuarta tienda en M\u00e1laga capital, y est\u00e1 ubicada en la calle Larios. Este nuevo espacio se suma a los que la compa\u00f1\u00eda tiene ya en\u00a0\u00a0las calles Duque de la Victoria, Santa Mar\u00eda y en la terminal de cruceros.<\/p>\n<p>Seg\u00fan han destacado desde la compa\u00f1\u00eda, esta apertura ha supuesto la creaci\u00f3n de ocho puestos de empleo. Dada la cercan\u00eda de la Semana Santa, a su oferta habitual de productor incorporar\u00e1n otro caracter\u00edsticos de estas fechas como\u00a0 borrachuelos rellenos de cabello de \u00e1ngel, batata o chocolate, as\u00ed como gajorros rellenos de crema o de chocolate, e incluso, huesos de santo. Adem\u00e1s, tambi\u00e9n\u00a0cuentan con una l\u00ednea espec\u00edfica de productos aptos para diab\u00e9ticos<\/p>\n<p>Ya son 16 las tiendas repartidas en Andaluc\u00eda (en M\u00e1laga, adem\u00e1s de en la capital, tienen en Ronda, Mijas y Torremolinos y prev\u00e9n otra en Nerja) entre Sevilla, C\u00f3rdoba, Granada y C\u00e1diz.<\/p>\n<p>&nbsp;<\/p>\n<div id=\"attachment_5061\" style=\"width: 563px\" class=\"wp-caption aligncenter\"><a href=\"https:\/\/static-blogs.diariosur.es\/wp-content\/uploads\/sites\/19\/2019\/04\/duque-victoria.png\"><img aria-describedby=\"caption-attachment-5061\" loading=\"lazy\" class=\"size-full wp-image-5061\" src=\"https:\/\/static-blogs.diariosur.es\/wp-content\/uploads\/sites\/19\/2019\/04\/duque-victoria.png\" alt=\"Local de Sabor a Espa\u00f1a en la calle Duque de la Victoria\" width=\"553\" height=\"327\" srcset=\"https:\/\/static-blogs.diariosur.es\/wp-content\/uploads\/sites\/19\/2019\/04\/duque-victoria.png 553w, https:\/\/static-blogs.diariosur.es\/wp-content\/uploads\/sites\/19\/2019\/04\/duque-victoria-300x177.png 300w\" sizes=\"(max-width: 553px) 100vw, 553px\" \/><\/a><p id=\"caption-attachment-5061\" class=\"wp-caption-text\">Local de Sabor a Espa\u00f1a en la calle Duque de la Victoria<\/p><\/div>\n","protected":false},"excerpt":{"rendered":"<p>La empresa cordobesa &#8216;Sabor a Espa\u00f1a&#8217; suma y sigue. Ha abierto la que es su cuarta tienda en M\u00e1laga capital, y est\u00e1 ubicada en la calle Larios. Este nuevo espacio se suma a los que la compa\u00f1\u00eda tiene ya en\u00a0\u00a0las calles Duque de la Victoria, Santa Mar\u00eda y en la terminal de cruceros. Seg\u00fan han [&hellip;]<\/p>\n","protected":false},"author":24,"featured_media":0,"comment_status":"open","ping_status":"open","sticky":false,"template":"","format":"standard","meta":[],"categories":[7],"tags":[4396,3682,3692,4397],"_links":{"self":[{"href":"https:\/\/blogs.diariosur.es\/-que-le-compro-\/wp-json\/wp\/v2\/posts\/5060"}],"collection":[{"href":"https:\/\/blogs.diariosur.es\/-que-le-compro-\/wp-json\/wp\/v2\/posts"}],"about":[{"href":"https:\/\/blogs.diariosur.es\/-que-le-compro-\/wp-json\/wp\/v2\/types\/post"}],"author":[{"embeddable":true,"href":"https:\/\/blogs.diariosur.es\/-que-le-compro-\/wp-json\/wp\/v2\/users\/24"}],"replies":[{"embeddable":true,"href":"https:\/\/blogs.diariosur.es\/-que-le-compro-\/wp-json\/wp\/v2\/comments?post=5060"}],"version-history":[{"count":1,"href":"https:\/\/blogs.diariosur.es\/-que-le-compro-\/wp-json\/wp\/v2\/posts\/5060\/revisions"}],"predecessor-version":[{"id":5062,"href":"https:\/\/blogs.diariosur.es\/-que-le-compro-\/wp-json\/wp\/v2\/posts\/5060\/revisions\/5062"}],"wp:attachment":[{"href":"https:\/\/blogs.diariosur.es\/-que-le-compro-\/wp-json\/wp\/v2\/media?parent=5060"}],"wp:term":[{"taxonomy":"category","embeddable":true,"href":"https:\/\/blogs.diariosur.es\/-que-le-compro-\/wp-json\/wp\/v2\/categories?post=5060"},{"taxonomy":"post_tag","embeddable":true,"href":"https:\/\/blogs.diariosur.es\/-que-le-compro-\/wp-json\/wp\/v2\/tags?post=5060"}],"curies":[{"name":"wp","href":"https:\/\/api.w.org\/{rel}","templated":true}]}}