{"id":5159,"date":"2019-06-26T16:52:54","date_gmt":"2019-06-26T14:52:54","guid":{"rendered":"http:\/\/blogs.diariosur.es\/-que-le-compro-\/?p=5159"},"modified":"2019-06-27T16:12:19","modified_gmt":"2019-06-27T14:12:19","slug":"zoco-alora-mercadillos","status":"publish","type":"post","link":"https:\/\/blogs.diariosur.es\/-que-le-compro-\/2019\/06\/26\/zoco-alora-mercadillos\/","title":{"rendered":"Zoco en las noches Al-lo\u00e1rabe de \u00c1lora y m\u00e1s"},"content":{"rendered":"<p>De manera discreta, pero\u00a0seguro que interesante se despide la agenda de mercadillos de este mes de junio, que est\u00e1 muy repartida. La gran novedad es el Mercado de Verano de Muelle Uno, que arranca este viernes, 28 de junio, y que permanecer\u00e1 abierto hasta el pr\u00f3ximo 15 de septiembre de 10 a 22 horas.<br \/>\nTambi\u00e9n diariamente puede visitarse la\u00a0 XIX Muestra Internacional de Artesan\u00eda de Puerto Ban\u00fas, que permanecer\u00e1 instalada en la plaza Antonio Banderas hasta el pr\u00f3ximo 31 de agosto.\u00a0El horario es de lunes a jueves de 11:00 a 00:00\u00a0horas y de viernes a domingo de 11:00 a 01:00 horas.<\/p>\n<p style=\"text-align: center;\"><a href=\"https:\/\/static-blogs.diariosur.es\/wp-content\/uploads\/sites\/19\/2019\/06\/alora-noche.jpg\"><img loading=\"lazy\" class=\"alignnone size-full wp-image-5160\" src=\"https:\/\/static-blogs.diariosur.es\/wp-content\/uploads\/sites\/19\/2019\/06\/alora-noche.jpg\" alt=\"alora-noche\" width=\"550\" height=\"367\" srcset=\"https:\/\/static-blogs.diariosur.es\/wp-content\/uploads\/sites\/19\/2019\/06\/alora-noche.jpg 550w, https:\/\/static-blogs.diariosur.es\/wp-content\/uploads\/sites\/19\/2019\/06\/alora-noche-300x200.jpg 300w\" sizes=\"(max-width: 550px) 100vw, 550px\" \/><\/a><\/p>\n<p>Y del viernes al domingo \u00c1lora da un salto en el tiempo con la celebraci\u00f3n, un a\u00f1o m\u00e1s, de sus\u00a0Noches Al-lo\u00e1rabe, que entre sus diversas actividades incluyen un gran zoco con mucha artesan\u00eda, decoraci\u00f3n, alimentaci\u00f3n o moda.<br \/>\nAdem\u00e1s, ya sab\u00e9is que los domingos hay \u00a0Mercado Agroalimentario del Valle del Guadalhorce, que se celebra en Co\u00edn de 9 a 14 horas junto al centro comercial La Trocha.<\/p>\n<p style=\"font-weight: 400;\">En la capital, del jueves al s\u00e1bado\u00a0el centro comercial Los Patios celebra su &#8216;Summer Discounts&#8217;, en la que las firmas que forman parte del recinto ofrecer\u00e1n promociones y ofertas atractivas. Por ejemplo, D U\u00f1as ofrecer\u00e1 gratuitamente la prueba de pesta\u00f1as, Marco Aldany invitar\u00e1 a disfrutar graits de tratamientos de keratina cosm\u00e9tica,\u00a0 o Magic realizar\u00e1 descuentos de hasta el 30% y 50% en prendas seleccionadas,\u00a0entre otros.<\/p>\n<p style=\"font-weight: 400;\">\u00a1Buen fin de semana!<\/p>\n","protected":false},"excerpt":{"rendered":"<p>De manera discreta, pero\u00a0seguro que interesante se despide la agenda de mercadillos de este mes de junio, que est\u00e1 muy repartida. La gran novedad es el Mercado de Verano de Muelle Uno, que arranca este viernes, 28 de junio, y que permanecer\u00e1 abierto hasta el pr\u00f3ximo 15 de septiembre de 10 a 22 horas. Tambi\u00e9n [&hellip;]<\/p>\n","protected":false},"author":24,"featured_media":0,"comment_status":"open","ping_status":"open","sticky":false,"template":"","format":"standard","meta":[],"categories":[2,3,4,6],"tags":[4430,4354,4255],"_links":{"self":[{"href":"https:\/\/blogs.diariosur.es\/-que-le-compro-\/wp-json\/wp\/v2\/posts\/5159"}],"collection":[{"href":"https:\/\/blogs.diariosur.es\/-que-le-compro-\/wp-json\/wp\/v2\/posts"}],"about":[{"href":"https:\/\/blogs.diariosur.es\/-que-le-compro-\/wp-json\/wp\/v2\/types\/post"}],"author":[{"embeddable":true,"href":"https:\/\/blogs.diariosur.es\/-que-le-compro-\/wp-json\/wp\/v2\/users\/24"}],"replies":[{"embeddable":true,"href":"https:\/\/blogs.diariosur.es\/-que-le-compro-\/wp-json\/wp\/v2\/comments?post=5159"}],"version-history":[{"count":4,"href":"https:\/\/blogs.diariosur.es\/-que-le-compro-\/wp-json\/wp\/v2\/posts\/5159\/revisions"}],"predecessor-version":[{"id":5164,"href":"https:\/\/blogs.diariosur.es\/-que-le-compro-\/wp-json\/wp\/v2\/posts\/5159\/revisions\/5164"}],"wp:attachment":[{"href":"https:\/\/blogs.diariosur.es\/-que-le-compro-\/wp-json\/wp\/v2\/media?parent=5159"}],"wp:term":[{"taxonomy":"category","embeddable":true,"href":"https:\/\/blogs.diariosur.es\/-que-le-compro-\/wp-json\/wp\/v2\/categories?post=5159"},{"taxonomy":"post_tag","embeddable":true,"href":"https:\/\/blogs.diariosur.es\/-que-le-compro-\/wp-json\/wp\/v2\/tags?post=5159"}],"curies":[{"name":"wp","href":"https:\/\/api.w.org\/{rel}","templated":true}]}}