{"id":5308,"date":"2019-11-14T19:16:06","date_gmt":"2019-11-14T18:16:06","guid":{"rendered":"http:\/\/blogs.diariosur.es\/-que-le-compro-\/?p=5308"},"modified":"2019-11-14T19:16:06","modified_gmt":"2019-11-14T18:16:06","slug":"outlet-malaga-rastro-fuengirola","status":"publish","type":"post","link":"https:\/\/blogs.diariosur.es\/-que-le-compro-\/2019\/11\/14\/outlet-malaga-rastro-fuengirola\/","title":{"rendered":"Outlet, mercadillo de Navidad en Muelle Uno y m\u00e1s"},"content":{"rendered":"<p>Llega el fr\u00edo as\u00ed que toca cambiar ya, s\u00ed o s\u00ed, la ropa del armario (si es que no se ha hecho ya) y qu\u00e9 mejor que hacerlo incluyendo prendas nuevas. La agenda de mercadillos de este fin de semana en M\u00e1laga ofrece distintas citas para hacerte con algo nuevo. Por ejemplo, la feria <strong>Stock! Outlet M\u00e1laga<\/strong> vuelve al Palacio de Ferias este fin de semana. Con descuentos del 60%-80% se podr\u00e1 encontrar moda, complementos, urban, calzado, skate, deporte, moda infantil, zapatillas, cosm\u00e9tica, hogar y mucho m\u00e1s. Horario: de 10:00 a 22:00 horas. La entrada se adquiere en taquilla.<\/p>\n<p><a href=\"https:\/\/static-blogs.diariosur.es\/wp-content\/uploads\/sites\/19\/2019\/11\/mercado.jpeg\"><img loading=\"lazy\" class=\"aligncenter size-full wp-image-5309\" src=\"https:\/\/static-blogs.diariosur.es\/wp-content\/uploads\/sites\/19\/2019\/11\/mercado.jpeg\" alt=\"\" width=\"1080\" height=\"1080\" srcset=\"https:\/\/static-blogs.diariosur.es\/wp-content\/uploads\/sites\/19\/2019\/11\/mercado.jpeg 1080w, https:\/\/static-blogs.diariosur.es\/wp-content\/uploads\/sites\/19\/2019\/11\/mercado-150x150.jpeg 150w, https:\/\/static-blogs.diariosur.es\/wp-content\/uploads\/sites\/19\/2019\/11\/mercado-300x300.jpeg 300w, https:\/\/static-blogs.diariosur.es\/wp-content\/uploads\/sites\/19\/2019\/11\/mercado-768x768.jpeg 768w, https:\/\/static-blogs.diariosur.es\/wp-content\/uploads\/sites\/19\/2019\/11\/mercado-1024x1024.jpeg 1024w\" sizes=\"(max-width: 1080px) 100vw, 1080px\" \/><\/a><\/p>\n<p>Adem\u00e1s, este viernes se inaugura el <strong>Mercado de Navidad y Fantas\u00eda en Muelle Uno<\/strong>, que podr\u00e1 visitarse hasta el pr\u00f3ximo 6 de enero todos los d\u00edas de 10 a 22 horas. Por si fuera poco, el recinto portuario har\u00e1 doblete el domingo, porque a esta propuesta se le a\u00f1adir\u00e1 el <strong>Zoco<\/strong>, que se podr\u00e1 visitar de 11 a 18 horas.<\/p>\n<p>Tambi\u00e9n del viernes al domingo se podr\u00e1 disfrutar del <strong>Rastrillo Solidario de Fuengirola<\/strong>, en el que etar\u00e1n presentes 17 asociaciones locales como son\u00a0Cudeca, AFA, Fuensocial, Asociaci\u00f3n Mujeres en Igualdad, Apaffer, AECC, C\u00e1ritas del Rosario, C\u00e1ritas San Jos\u00e9, Cooperaci\u00f3n Honduras, Queremos ayudar, M\u00e1laga Acoge, AVOI, Red Madre, Afesol, Adintre, Cruz Roja y la Asociaci\u00f3n Internacional Mujeres Costa del Sol.\u00a0El rastrillo abrir\u00e1 sus puertas el viernes 15 de noviembre a la una de la tarde, y podr\u00e1 visitarse hasta las 21:30 horas. El s\u00e1bado de 11 a 21.30 horas y el domingo de 11 a 20.30 horas.<\/p>\n<p>\u00a1Buen fin de semana!<\/p>\n<p>&nbsp;<\/p>\n","protected":false},"excerpt":{"rendered":"<p>Llega el fr\u00edo as\u00ed que toca cambiar ya, s\u00ed o s\u00ed, la ropa del armario (si es que no se ha hecho ya) y qu\u00e9 mejor que hacerlo incluyendo prendas nuevas. La agenda de mercadillos de este fin de semana en M\u00e1laga ofrece distintas citas para hacerte con algo nuevo. Por ejemplo, la feria Stock! [&hellip;]<\/p>\n","protected":false},"author":24,"featured_media":0,"comment_status":"open","ping_status":"open","sticky":false,"template":"","format":"standard","meta":[],"categories":[3,4],"tags":[1384,4111,4497,4498,3972],"_links":{"self":[{"href":"https:\/\/blogs.diariosur.es\/-que-le-compro-\/wp-json\/wp\/v2\/posts\/5308"}],"collection":[{"href":"https:\/\/blogs.diariosur.es\/-que-le-compro-\/wp-json\/wp\/v2\/posts"}],"about":[{"href":"https:\/\/blogs.diariosur.es\/-que-le-compro-\/wp-json\/wp\/v2\/types\/post"}],"author":[{"embeddable":true,"href":"https:\/\/blogs.diariosur.es\/-que-le-compro-\/wp-json\/wp\/v2\/users\/24"}],"replies":[{"embeddable":true,"href":"https:\/\/blogs.diariosur.es\/-que-le-compro-\/wp-json\/wp\/v2\/comments?post=5308"}],"version-history":[{"count":1,"href":"https:\/\/blogs.diariosur.es\/-que-le-compro-\/wp-json\/wp\/v2\/posts\/5308\/revisions"}],"predecessor-version":[{"id":5310,"href":"https:\/\/blogs.diariosur.es\/-que-le-compro-\/wp-json\/wp\/v2\/posts\/5308\/revisions\/5310"}],"wp:attachment":[{"href":"https:\/\/blogs.diariosur.es\/-que-le-compro-\/wp-json\/wp\/v2\/media?parent=5308"}],"wp:term":[{"taxonomy":"category","embeddable":true,"href":"https:\/\/blogs.diariosur.es\/-que-le-compro-\/wp-json\/wp\/v2\/categories?post=5308"},{"taxonomy":"post_tag","embeddable":true,"href":"https:\/\/blogs.diariosur.es\/-que-le-compro-\/wp-json\/wp\/v2\/tags?post=5308"}],"curies":[{"name":"wp","href":"https:\/\/api.w.org\/{rel}","templated":true}]}}