{"id":5591,"date":"2021-05-11T17:37:23","date_gmt":"2021-05-11T15:37:23","guid":{"rendered":"https:\/\/blogs.diariosur.es\/-que-le-compro-\/?p=5591"},"modified":"2021-05-11T17:37:23","modified_gmt":"2021-05-11T15:37:23","slug":"willyrex-coleccion-springfield","status":"publish","type":"post","link":"https:\/\/blogs.diariosur.es\/-que-le-compro-\/2021\/05\/11\/willyrex-coleccion-springfield\/","title":{"rendered":"Springfield lanza una colecci\u00f3n c\u00e1psula con Willyrex"},"content":{"rendered":"<p>Springfield se ha aliado con el youtuber Willyrex para lanzar una colecci\u00f3n c\u00e1psula conjunta bajo el nombre<strong> \u2018Springfield x Willyrex\u2019<\/strong>. Esta colecci\u00f3n est\u00e1 formada por\u00a0una sudadera y dos camisetas exclusivas en las que Willyrex ha participado activamente en el dise\u00f1o y que est\u00e1n ya a la venta en internet y en una selecci\u00f3n de tiendas en Espa\u00f1a, ubicadas principalmente en Madrid, as\u00ed como Toledo, Alicante y Badajoz. &#8220;Estoy encantado con todo lo que estamos consiguiendo en estos 10 a\u00f1os de carrera en YouTube. Sacar esta l\u00ednea de ropa con Springfield es una locura. Hemos puesto muchas horas y mucho cari\u00f1o en mi colecci\u00f3n, y deseo que les encante a mis seguidores&#8221;, ha comentado el gamer, que cuenta con m\u00e1s de 16 millones de seguidores en\u00a0 Youtube.<\/p>\n<p>Es la primera vez que <strong>Guillermo D\u00edaz Iba\u00f1ez<\/strong>, m\u00e1s conocido como <strong>Willyrex,<\/strong>\u00a0colabora con una firma de moda para el lanzamiento de una c\u00e1psula bajo su nombre en la que adem\u00e1s ha participado en el dise\u00f1o.<\/p>\n<p><a href=\"https:\/\/static-blogs.diariosur.es\/wp-content\/uploads\/sites\/19\/2021\/05\/willyrex.png\"><img loading=\"lazy\" class=\"aligncenter size-full wp-image-5592\" src=\"https:\/\/static-blogs.diariosur.es\/wp-content\/uploads\/sites\/19\/2021\/05\/willyrex.png\" alt=\"\" width=\"547\" height=\"418\" srcset=\"https:\/\/static-blogs.diariosur.es\/wp-content\/uploads\/sites\/19\/2021\/05\/willyrex.png 547w, https:\/\/static-blogs.diariosur.es\/wp-content\/uploads\/sites\/19\/2021\/05\/willyrex-300x229.png 300w\" sizes=\"(max-width: 547px) 100vw, 547px\" \/><\/a><\/p>\n","protected":false},"excerpt":{"rendered":"<p>Springfield se ha aliado con el youtuber Willyrex para lanzar una colecci\u00f3n c\u00e1psula conjunta bajo el nombre \u2018Springfield x Willyrex\u2019. Esta colecci\u00f3n est\u00e1 formada por\u00a0una sudadera y dos camisetas exclusivas en las que Willyrex ha participado activamente en el dise\u00f1o y que est\u00e1n ya a la venta en internet y en una selecci\u00f3n de tiendas [&hellip;]<\/p>\n","protected":false},"author":24,"featured_media":0,"comment_status":"open","ping_status":"open","sticky":false,"template":"","format":"standard","meta":[],"categories":[7,8],"tags":[3453,4640,4639],"_links":{"self":[{"href":"https:\/\/blogs.diariosur.es\/-que-le-compro-\/wp-json\/wp\/v2\/posts\/5591"}],"collection":[{"href":"https:\/\/blogs.diariosur.es\/-que-le-compro-\/wp-json\/wp\/v2\/posts"}],"about":[{"href":"https:\/\/blogs.diariosur.es\/-que-le-compro-\/wp-json\/wp\/v2\/types\/post"}],"author":[{"embeddable":true,"href":"https:\/\/blogs.diariosur.es\/-que-le-compro-\/wp-json\/wp\/v2\/users\/24"}],"replies":[{"embeddable":true,"href":"https:\/\/blogs.diariosur.es\/-que-le-compro-\/wp-json\/wp\/v2\/comments?post=5591"}],"version-history":[{"count":1,"href":"https:\/\/blogs.diariosur.es\/-que-le-compro-\/wp-json\/wp\/v2\/posts\/5591\/revisions"}],"predecessor-version":[{"id":5593,"href":"https:\/\/blogs.diariosur.es\/-que-le-compro-\/wp-json\/wp\/v2\/posts\/5591\/revisions\/5593"}],"wp:attachment":[{"href":"https:\/\/blogs.diariosur.es\/-que-le-compro-\/wp-json\/wp\/v2\/media?parent=5591"}],"wp:term":[{"taxonomy":"category","embeddable":true,"href":"https:\/\/blogs.diariosur.es\/-que-le-compro-\/wp-json\/wp\/v2\/categories?post=5591"},{"taxonomy":"post_tag","embeddable":true,"href":"https:\/\/blogs.diariosur.es\/-que-le-compro-\/wp-json\/wp\/v2\/tags?post=5591"}],"curies":[{"name":"wp","href":"https:\/\/api.w.org\/{rel}","templated":true}]}}