{"id":5594,"date":"2021-05-13T20:25:14","date_gmt":"2021-05-13T18:25:14","guid":{"rendered":"https:\/\/blogs.diariosur.es\/-que-le-compro-\/?p=5594"},"modified":"2021-05-14T16:21:28","modified_gmt":"2021-05-14T14:21:28","slug":"agenda-mercadillos-malaga-mayo","status":"publish","type":"post","link":"https:\/\/blogs.diariosur.es\/-que-le-compro-\/2021\/05\/13\/agenda-mercadillos-malaga-mayo\/","title":{"rendered":"M\u00e1s mercadillos en M\u00e1laga este finde"},"content":{"rendered":"<p>Mayo llega a su ecuador con unos cuantos mercadillos para elegir este fin de semana. Empezando por orden cronol\u00f3gico, la asociaci\u00f3n\u00a0<strong>Atenea<\/strong>\u00a0en Torremolinos, organiza un nuevo mercadillo artesanal en la peatonal de la Avenida Palma de Mallorca de 10 a 15 horas. Paralelamente, en la plaza del Alguacil de Benalm\u00e1dena pueblo habr\u00e1 una nueva edici\u00f3n\u00a0de\u00a0<strong>Merkaderes<\/strong>, de 10 a 14 horas. Por la tarde, La Temporal reunir\u00e1 a varias marcas y dise\u00f1adores locales en una nueva pop up que tendr\u00e1 lugar en el jard\u00edn del Estudio de Danza&amp;M\u00fasica Victoria Artillo, ubicado en el Paseo de Sancha 38, en M\u00e1laga capital. La entrada es libre de 12 a 19 horas.<\/p>\n<p>El s\u00e1bado tambi\u00e9n ser\u00e1 el ecomercado de la asociaci\u00f3n\u00a0<strong>Guadalhorce Ecol\u00f3gico<\/strong>\u00a0en\u00a0Nueva Andaluc\u00eda, concretamente en el Paseo Ram\u00f3n Garz\u00f3n (La Campana) de Marbella y el domingo se trasladar\u00e1 al recinto ferial de Benalm\u00e1dena, frente al Parque de La Paloma y Selwo Marina. Ambos se celebrar\u00e1n 9 a 14 horas.<\/p>\n<p>El domingo 16 habr\u00e1 otra vez doblete en\u00a0<strong>Muelle Uno<\/strong>, ya que se celebrar\u00e1 Zoco de 11 a 21 horas (ojo, ampl\u00eda su horario) y tambi\u00e9n Mercado de Primavera, que hasta el pr\u00f3ximo domingo 23 puede visitarse diariamente de once de la ma\u00f1ana a diez de la noche. Y tambi\u00e9n en este \u00faltimo d\u00eda de la semana podremos visitar una nueva edici\u00f3n de <strong>La Merced&amp;Co<\/strong>, en la c\u00e9ntrica plaza de la capital, de 11 a 19 horas con mucha moda, decoraci\u00f3n, complementos y m\u00e1s&#8230;<\/p>\n<p>Adem\u00e1s, del viernes al domingo el Palacio de Ferias acoge la feria <strong>Natura M\u00e1lag<\/strong>a, donde la vida saludable y sostenible junto a la artesan\u00eda y lo natural son los protagonistas.<\/p>\n<p>\u00a1Buen fin de semana!<\/p>\n<div id=\"attachment_5595\" style=\"width: 1384px\" class=\"wp-caption aligncenter\"><a href=\"https:\/\/static-blogs.diariosur.es\/wp-content\/uploads\/sites\/19\/2021\/05\/muelleuno.jpg\"><img aria-describedby=\"caption-attachment-5595\" loading=\"lazy\" class=\"size-full wp-image-5595\" src=\"https:\/\/static-blogs.diariosur.es\/wp-content\/uploads\/sites\/19\/2021\/05\/muelleuno.jpg\" alt=\"Moda en Muelle Uno\" width=\"1374\" height=\"773\" srcset=\"https:\/\/static-blogs.diariosur.es\/wp-content\/uploads\/sites\/19\/2021\/05\/muelleuno.jpg 1374w, https:\/\/static-blogs.diariosur.es\/wp-content\/uploads\/sites\/19\/2021\/05\/muelleuno-300x169.jpg 300w, https:\/\/static-blogs.diariosur.es\/wp-content\/uploads\/sites\/19\/2021\/05\/muelleuno-768x432.jpg 768w, https:\/\/static-blogs.diariosur.es\/wp-content\/uploads\/sites\/19\/2021\/05\/muelleuno-1024x576.jpg 1024w\" sizes=\"(max-width: 1374px) 100vw, 1374px\" \/><\/a><p id=\"caption-attachment-5595\" class=\"wp-caption-text\">Moda en Muelle Uno. :: M. U.<\/p><\/div>\n","protected":false},"excerpt":{"rendered":"<p>Mayo llega a su ecuador con unos cuantos mercadillos para elegir este fin de semana. Empezando por orden cronol\u00f3gico, la asociaci\u00f3n\u00a0Atenea\u00a0en Torremolinos, organiza un nuevo mercadillo artesanal en la peatonal de la Avenida Palma de Mallorca de 10 a 15 horas. Paralelamente, en la plaza del Alguacil de Benalm\u00e1dena pueblo habr\u00e1 una nueva edici\u00f3n\u00a0de\u00a0Merkaderes, de [&hellip;]<\/p>\n","protected":false},"author":24,"featured_media":0,"comment_status":"open","ping_status":"open","sticky":false,"template":"","format":"standard","meta":[],"categories":[4,6,7],"tags":[311,4642,4398,2559,2616,4641,2979,3968],"_links":{"self":[{"href":"https:\/\/blogs.diariosur.es\/-que-le-compro-\/wp-json\/wp\/v2\/posts\/5594"}],"collection":[{"href":"https:\/\/blogs.diariosur.es\/-que-le-compro-\/wp-json\/wp\/v2\/posts"}],"about":[{"href":"https:\/\/blogs.diariosur.es\/-que-le-compro-\/wp-json\/wp\/v2\/types\/post"}],"author":[{"embeddable":true,"href":"https:\/\/blogs.diariosur.es\/-que-le-compro-\/wp-json\/wp\/v2\/users\/24"}],"replies":[{"embeddable":true,"href":"https:\/\/blogs.diariosur.es\/-que-le-compro-\/wp-json\/wp\/v2\/comments?post=5594"}],"version-history":[{"count":3,"href":"https:\/\/blogs.diariosur.es\/-que-le-compro-\/wp-json\/wp\/v2\/posts\/5594\/revisions"}],"predecessor-version":[{"id":5598,"href":"https:\/\/blogs.diariosur.es\/-que-le-compro-\/wp-json\/wp\/v2\/posts\/5594\/revisions\/5598"}],"wp:attachment":[{"href":"https:\/\/blogs.diariosur.es\/-que-le-compro-\/wp-json\/wp\/v2\/media?parent=5594"}],"wp:term":[{"taxonomy":"category","embeddable":true,"href":"https:\/\/blogs.diariosur.es\/-que-le-compro-\/wp-json\/wp\/v2\/categories?post=5594"},{"taxonomy":"post_tag","embeddable":true,"href":"https:\/\/blogs.diariosur.es\/-que-le-compro-\/wp-json\/wp\/v2\/tags?post=5594"}],"curies":[{"name":"wp","href":"https:\/\/api.w.org\/{rel}","templated":true}]}}