{"id":5600,"date":"2021-05-20T17:31:07","date_gmt":"2021-05-20T15:31:07","guid":{"rendered":"https:\/\/blogs.diariosur.es\/-que-le-compro-\/?p=5600"},"modified":"2021-05-20T17:32:37","modified_gmt":"2021-05-20T15:32:37","slug":"mercadillos-malaga-fin-primavera","status":"publish","type":"post","link":"https:\/\/blogs.diariosur.es\/-que-le-compro-\/2021\/05\/20\/mercadillos-malaga-fin-primavera\/","title":{"rendered":"El Mercado de Primavera se despide"},"content":{"rendered":"<p>\u00bfPensando en ir de mercadillos este fin de semana? Por orden cronol\u00f3gico, como siempre, la ruta arranca con la asociaci\u00f3n\u00a0<strong>Atenea<\/strong>\u00a0y su mercadillo artesanal en Torremolinos, la peatonal de la Avenida Palma de Mallorca de 10 a 15 horas. Por su parte, la plaza del Alguacil de Benalm\u00e1dena pueblo acoge\u00a0<strong>Merkaderes<\/strong>, de 10 a 14 horas.\u00a0El s\u00e1bado tambi\u00e9n ser\u00e1 el ecomercado de la asociaci\u00f3n\u00a0<strong>Guadalhorce Ecol\u00f3gico, <\/strong>que en esta ocasi\u00f3n se celebrar\u00e1 en el Parque Huelin, en M\u00e1laga capital, de 9 a 14 horas.<\/p>\n<p>El domingo ser\u00e1 el \u00faltimo d\u00eda del Mercado de Primavera de Muelle Uno, que se ha podido visitar diariamente de once de la ma\u00f1ana a diez de la noche y adem\u00e1s habr\u00e1 una nueva edici\u00f3n del Soho Mercado Urbano, que tomar\u00e1 la calle Tom\u00e1s Heredia, tambi\u00e9n en la capital. Los expositores estar\u00e1n abiertos de 11 a 19 horas.<\/p>\n<p>\u00a1Buen fin de semana!<\/p>\n<div id=\"attachment_5601\" style=\"width: 884px\" class=\"wp-caption aligncenter\"><a href=\"https:\/\/static-blogs.diariosur.es\/wp-content\/uploads\/sites\/19\/2021\/05\/bolso2.jpg\"><img aria-describedby=\"caption-attachment-5601\" loading=\"lazy\" class=\"size-full wp-image-5601\" src=\"https:\/\/static-blogs.diariosur.es\/wp-content\/uploads\/sites\/19\/2021\/05\/bolso2.jpg\" alt=\"Artesan\u00eda en Soho Mercado urbano\" width=\"874\" height=\"1051\" srcset=\"https:\/\/static-blogs.diariosur.es\/wp-content\/uploads\/sites\/19\/2021\/05\/bolso2.jpg 874w, https:\/\/static-blogs.diariosur.es\/wp-content\/uploads\/sites\/19\/2021\/05\/bolso2-249x300.jpg 249w, https:\/\/static-blogs.diariosur.es\/wp-content\/uploads\/sites\/19\/2021\/05\/bolso2-768x924.jpg 768w, https:\/\/static-blogs.diariosur.es\/wp-content\/uploads\/sites\/19\/2021\/05\/bolso2-852x1024.jpg 852w\" sizes=\"(max-width: 874px) 100vw, 874px\" \/><\/a><p id=\"caption-attachment-5601\" class=\"wp-caption-text\">Artesan\u00eda en Soho Mercado urbano<\/p><\/div>\n<p>&nbsp;<\/p>\n","protected":false},"excerpt":{"rendered":"<p>\u00bfPensando en ir de mercadillos este fin de semana? Por orden cronol\u00f3gico, como siempre, la ruta arranca con la asociaci\u00f3n\u00a0Atenea\u00a0y su mercadillo artesanal en Torremolinos, la peatonal de la Avenida Palma de Mallorca de 10 a 15 horas. Por su parte, la plaza del Alguacil de Benalm\u00e1dena pueblo acoge\u00a0Merkaderes, de 10 a 14 horas.\u00a0El s\u00e1bado [&hellip;]<\/p>\n","protected":false},"author":24,"featured_media":0,"comment_status":"open","ping_status":"open","sticky":false,"template":"","format":"standard","meta":[],"categories":[3,4],"tags":[311,4398,4635,4525],"_links":{"self":[{"href":"https:\/\/blogs.diariosur.es\/-que-le-compro-\/wp-json\/wp\/v2\/posts\/5600"}],"collection":[{"href":"https:\/\/blogs.diariosur.es\/-que-le-compro-\/wp-json\/wp\/v2\/posts"}],"about":[{"href":"https:\/\/blogs.diariosur.es\/-que-le-compro-\/wp-json\/wp\/v2\/types\/post"}],"author":[{"embeddable":true,"href":"https:\/\/blogs.diariosur.es\/-que-le-compro-\/wp-json\/wp\/v2\/users\/24"}],"replies":[{"embeddable":true,"href":"https:\/\/blogs.diariosur.es\/-que-le-compro-\/wp-json\/wp\/v2\/comments?post=5600"}],"version-history":[{"count":1,"href":"https:\/\/blogs.diariosur.es\/-que-le-compro-\/wp-json\/wp\/v2\/posts\/5600\/revisions"}],"predecessor-version":[{"id":5602,"href":"https:\/\/blogs.diariosur.es\/-que-le-compro-\/wp-json\/wp\/v2\/posts\/5600\/revisions\/5602"}],"wp:attachment":[{"href":"https:\/\/blogs.diariosur.es\/-que-le-compro-\/wp-json\/wp\/v2\/media?parent=5600"}],"wp:term":[{"taxonomy":"category","embeddable":true,"href":"https:\/\/blogs.diariosur.es\/-que-le-compro-\/wp-json\/wp\/v2\/categories?post=5600"},{"taxonomy":"post_tag","embeddable":true,"href":"https:\/\/blogs.diariosur.es\/-que-le-compro-\/wp-json\/wp\/v2\/tags?post=5600"}],"curies":[{"name":"wp","href":"https:\/\/api.w.org\/{rel}","templated":true}]}}