{"id":5604,"date":"2021-06-24T18:13:48","date_gmt":"2021-06-24T16:13:48","guid":{"rendered":"https:\/\/blogs.diariosur.es\/-que-le-compro-\/?p=5604"},"modified":"2021-06-24T18:21:58","modified_gmt":"2021-06-24T16:21:58","slug":"mercadillos-junio-malaga-novedades","status":"publish","type":"post","link":"https:\/\/blogs.diariosur.es\/-que-le-compro-\/2021\/06\/24\/mercadillos-junio-malaga-novedades\/","title":{"rendered":"Novedades en los \u00faltimos mercadillos de junio en M\u00e1laga"},"content":{"rendered":"<p>Est\u00e9s de vacaciones ya o no, deja sitio para las compras &#8216;made in M\u00e1laga&#8217;, porque el \u00faltimo fin de semana de junio ofrece una variada agenda. Si vamos por orden cronol\u00f3gico, que sep\u00e1is que este viernes habr\u00e1 dos estrenos, ni m\u00e1s ni menos&#8230; Por un lado, el del <strong>Mercado de Verano de Muelle Uno<\/strong>, que estar\u00e1 abierto diariamente hasta el 12 de septiembre. Podr\u00e1 visitarse de lunes a jueves de 12 a 23 horas mientras que de viernes a domingo el horario ser\u00e1 de 12 a 00 horas.<\/p>\n<p>Y por otra parte, ser\u00e1 el debut de <strong>El Pinar Market &amp; Fest<\/strong>, en el club h\u00edpico El Pinar, que unir\u00e1 moda, gastronom\u00eda, zona de juegos para ni\u00f1os y m\u00e1s hasta el domingo. La entrada para adulto (a partir de 13 a\u00f1os) con consumici\u00f3n (cerveza o agua) cuesta 4 euros, mientras que los ni\u00f1os de 0 a 12 a\u00f1os que no vayan a realizar actividades pueden entrar gratis. Aquellos que quieran disfrutar de las sorpresas preparadas para ellos, deber\u00e1n abonar 6 euros.<\/p>\n<p>Tambi\u00e9n el viernes, y el s\u00e1bado, la asociaci\u00f3n de artesanos y artesanas Atenea, en <strong>Torremolinos,<\/strong> contin\u00faa con su mercado artesanal en la avenida\u00a0Palma de Mallorca, concretamente en la peatonal c\u00e9ntrica, donde permanecer\u00e1 instalado desde las cinco de la tarde hasta las diez de la noche. Tambi\u00e9n se ha pasado al horario vespertino Merkaderes Benalm\u00e1dena, que se celebra los s\u00e1bados de 19 a 00 horas en la plaza del Alguacil, en Benalm\u00e1dena pueblo.<\/p>\n<p>El <strong>Mercado Urbano del Soho<\/strong> har\u00e1 tambi\u00e9n doblete, y estar\u00e1 abierto al p\u00fablico tanto el s\u00e1bado como el domingo en la calle Tom\u00e1s Heredia, en M\u00e1laga capital, de 11 a 19 horas.<\/p>\n<p>Por su parte, los <strong>ecomercados<\/strong> de este fin de semana de la asociaci\u00f3n Guadalhorce Ecol\u00f3gico ser\u00e1n el s\u00e1bado en la capital (Parque Huelin) y el domingo en el bulevar frente a la Tenencia de Alcald\u00eda, en La Cala de Mijas, ambos de 9 a 14 horas como suele ser habitual.<\/p>\n<p>\u00a1buen fin de semana!<\/p>\n<p><a href=\"https:\/\/static-blogs.diariosur.es\/wp-content\/uploads\/sites\/19\/2021\/06\/bolsos.jpg\"><img loading=\"lazy\" class=\"aligncenter size-full wp-image-5605\" src=\"https:\/\/static-blogs.diariosur.es\/wp-content\/uploads\/sites\/19\/2021\/06\/bolsos.jpg\" alt=\"\" width=\"1200\" height=\"900\" srcset=\"https:\/\/static-blogs.diariosur.es\/wp-content\/uploads\/sites\/19\/2021\/06\/bolsos.jpg 1200w, https:\/\/static-blogs.diariosur.es\/wp-content\/uploads\/sites\/19\/2021\/06\/bolsos-300x225.jpg 300w, https:\/\/static-blogs.diariosur.es\/wp-content\/uploads\/sites\/19\/2021\/06\/bolsos-768x576.jpg 768w, https:\/\/static-blogs.diariosur.es\/wp-content\/uploads\/sites\/19\/2021\/06\/bolsos-1024x768.jpg 1024w\" sizes=\"(max-width: 1200px) 100vw, 1200px\" \/><\/a><\/p>\n","protected":false},"excerpt":{"rendered":"<p>Est\u00e9s de vacaciones ya o no, deja sitio para las compras &#8216;made in M\u00e1laga&#8217;, porque el \u00faltimo fin de semana de junio ofrece una variada agenda. Si vamos por orden cronol\u00f3gico, que sep\u00e1is que este viernes habr\u00e1 dos estrenos, ni m\u00e1s ni menos&#8230; Por un lado, el del Mercado de Verano de Muelle Uno, que [&hellip;]<\/p>\n","protected":false},"author":24,"featured_media":0,"comment_status":"open","ping_status":"open","sticky":false,"template":"","format":"standard","meta":[],"categories":[3,4,6],"tags":[4399,4643,2359,4239,4634,4519,4621],"_links":{"self":[{"href":"https:\/\/blogs.diariosur.es\/-que-le-compro-\/wp-json\/wp\/v2\/posts\/5604"}],"collection":[{"href":"https:\/\/blogs.diariosur.es\/-que-le-compro-\/wp-json\/wp\/v2\/posts"}],"about":[{"href":"https:\/\/blogs.diariosur.es\/-que-le-compro-\/wp-json\/wp\/v2\/types\/post"}],"author":[{"embeddable":true,"href":"https:\/\/blogs.diariosur.es\/-que-le-compro-\/wp-json\/wp\/v2\/users\/24"}],"replies":[{"embeddable":true,"href":"https:\/\/blogs.diariosur.es\/-que-le-compro-\/wp-json\/wp\/v2\/comments?post=5604"}],"version-history":[{"count":3,"href":"https:\/\/blogs.diariosur.es\/-que-le-compro-\/wp-json\/wp\/v2\/posts\/5604\/revisions"}],"predecessor-version":[{"id":5608,"href":"https:\/\/blogs.diariosur.es\/-que-le-compro-\/wp-json\/wp\/v2\/posts\/5604\/revisions\/5608"}],"wp:attachment":[{"href":"https:\/\/blogs.diariosur.es\/-que-le-compro-\/wp-json\/wp\/v2\/media?parent=5604"}],"wp:term":[{"taxonomy":"category","embeddable":true,"href":"https:\/\/blogs.diariosur.es\/-que-le-compro-\/wp-json\/wp\/v2\/categories?post=5604"},{"taxonomy":"post_tag","embeddable":true,"href":"https:\/\/blogs.diariosur.es\/-que-le-compro-\/wp-json\/wp\/v2\/tags?post=5604"}],"curies":[{"name":"wp","href":"https:\/\/api.w.org\/{rel}","templated":true}]}}