{"id":5610,"date":"2021-07-15T21:27:32","date_gmt":"2021-07-15T19:27:32","guid":{"rendered":"https:\/\/blogs.diariosur.es\/-que-le-compro-\/?p=5610"},"modified":"2021-07-15T21:27:32","modified_gmt":"2021-07-15T19:27:32","slug":"casting-imagen-malaga-factory","status":"publish","type":"post","link":"https:\/\/blogs.diariosur.es\/-que-le-compro-\/2021\/07\/15\/casting-imagen-malaga-factory\/","title":{"rendered":"Casting en M\u00e1laga Factory para elegir su  nueva imagen"},"content":{"rendered":"<p><span style=\"font-weight: 400;\">El outlet M\u00e1laga Factory busca caras nuevas para protagonizar sus pr\u00f3ximas\u00a0 campa\u00f1as de moda. Por este motivo,\u00a0<\/span><span style=\"font-weight: 400;\">organiza un casting que se llevar\u00e1 a cabo en sus instalaciones durante los d\u00edas\u00a0 22 y 23 de julio, a partir de las 18:30 horas para el que hay que inscribirse previamente en su web (hasta el pr\u00f3ximo d\u00eda 20).<\/span><\/p>\n<p><span style=\"font-weight: 400;\">Los participantes ser\u00e1n valorados por un jurado formado por profesionales del mundo de la moda entre\u00a0 los que se encuentra el estilista y empresario, Manuel Beltr\u00e1n; Lidia Moreno, estilista de moda; Lourdes\u00a0 Paz, dise\u00f1adora de moda; y Cristina Do\u00f1a, Miss Teen M\u00e1laga 2021.\u00a0\u00a0<\/span><\/p>\n<p><span style=\"font-weight: 400;\">Durante las dos jornadas que dura el casting, se seleccionar\u00e1 a seis finalistas que participar\u00e1n en la gala final\u00a0 que se celebrar\u00e1 el s\u00e1bado 24 de julio (19 horas) en la que se llevar\u00e1 a cabo un reto, donde\u00a0 se pondr\u00e1 a prueba su estilismo y actitudes como modelo.\u00a0<\/span><\/p>\n<p><span style=\"font-weight: 400;\">Los ganadores del casting, adem\u00e1s de la experiencia de convertirse en la imagen protagonista del centro\u00a0 outlet, ser\u00e1n gratificados con 200 euros para compras en M\u00e1laga Factory y un curso intensivo de formaci\u00f3n\u00a0 de modelo.<\/span><\/p>\n<p><a href=\"https:\/\/static-blogs.diariosur.es\/wp-content\/uploads\/sites\/19\/2021\/07\/casting.jpg\"><img loading=\"lazy\" class=\"aligncenter size-full wp-image-5611\" src=\"https:\/\/static-blogs.diariosur.es\/wp-content\/uploads\/sites\/19\/2021\/07\/casting.jpg\" alt=\"\" width=\"465\" height=\"478\" srcset=\"https:\/\/static-blogs.diariosur.es\/wp-content\/uploads\/sites\/19\/2021\/07\/casting.jpg 465w, https:\/\/static-blogs.diariosur.es\/wp-content\/uploads\/sites\/19\/2021\/07\/casting-292x300.jpg 292w\" sizes=\"(max-width: 465px) 100vw, 465px\" \/><\/a><\/p>\n","protected":false},"excerpt":{"rendered":"<p>El outlet M\u00e1laga Factory busca caras nuevas para protagonizar sus pr\u00f3ximas\u00a0 campa\u00f1as de moda. Por este motivo,\u00a0organiza un casting que se llevar\u00e1 a cabo en sus instalaciones durante los d\u00edas\u00a0 22 y 23 de julio, a partir de las 18:30 horas para el que hay que inscribirse previamente en su web (hasta el pr\u00f3ximo d\u00eda [&hellip;]<\/p>\n","protected":false},"author":24,"featured_media":0,"comment_status":"open","ping_status":"open","sticky":false,"template":"","format":"standard","meta":[],"categories":[2,7],"tags":[4644,714,4250,2825],"_links":{"self":[{"href":"https:\/\/blogs.diariosur.es\/-que-le-compro-\/wp-json\/wp\/v2\/posts\/5610"}],"collection":[{"href":"https:\/\/blogs.diariosur.es\/-que-le-compro-\/wp-json\/wp\/v2\/posts"}],"about":[{"href":"https:\/\/blogs.diariosur.es\/-que-le-compro-\/wp-json\/wp\/v2\/types\/post"}],"author":[{"embeddable":true,"href":"https:\/\/blogs.diariosur.es\/-que-le-compro-\/wp-json\/wp\/v2\/users\/24"}],"replies":[{"embeddable":true,"href":"https:\/\/blogs.diariosur.es\/-que-le-compro-\/wp-json\/wp\/v2\/comments?post=5610"}],"version-history":[{"count":1,"href":"https:\/\/blogs.diariosur.es\/-que-le-compro-\/wp-json\/wp\/v2\/posts\/5610\/revisions"}],"predecessor-version":[{"id":5612,"href":"https:\/\/blogs.diariosur.es\/-que-le-compro-\/wp-json\/wp\/v2\/posts\/5610\/revisions\/5612"}],"wp:attachment":[{"href":"https:\/\/blogs.diariosur.es\/-que-le-compro-\/wp-json\/wp\/v2\/media?parent=5610"}],"wp:term":[{"taxonomy":"category","embeddable":true,"href":"https:\/\/blogs.diariosur.es\/-que-le-compro-\/wp-json\/wp\/v2\/categories?post=5610"},{"taxonomy":"post_tag","embeddable":true,"href":"https:\/\/blogs.diariosur.es\/-que-le-compro-\/wp-json\/wp\/v2\/tags?post=5610"}],"curies":[{"name":"wp","href":"https:\/\/api.w.org\/{rel}","templated":true}]}}