{"id":5622,"date":"2021-07-30T23:56:26","date_gmt":"2021-07-30T21:56:26","guid":{"rendered":"https:\/\/blogs.diariosur.es\/-que-le-compro-\/?p=5622"},"modified":"2021-07-30T23:56:26","modified_gmt":"2021-07-30T21:56:26","slug":"ultimos-mercadillos-de-julio-en-malaga","status":"publish","type":"post","link":"https:\/\/blogs.diariosur.es\/-que-le-compro-\/2021\/07\/30\/ultimos-mercadillos-de-julio-en-malaga\/","title":{"rendered":"\u00daltimos mercadillos de julio en M\u00e1laga"},"content":{"rendered":"<p>Se nos va julio. Y adem\u00e1s de traernos calor en M\u00e1laga, su despedida llega con una variada agenda de mercadillos a visitar. La agenda se abre este viernes en Torremolinos, donde\u00a0la Asociaci\u00f3n de artesanas y artesanos de Torremolinos Atenea organiza su mercadillo artesanal de 19 a 00 horas en la peatonal de la avenida Palma de Mallorca, una cita que repite el s\u00e1bado en el mismo sitio y con el mismo horario.<\/p>\n<p>Cada d\u00eda ya sab\u00e9is que pod\u00e9is visitar de 12 a 00 horas en Muelle Uno el Mercado de Verano, que estar\u00e1 abierto hasta finales de septiembre, y al que se le une este domingo el Zoco, que se celebrar\u00e1 desde las doce de la ma\u00f1ana a las nueve de la noche. Y este d\u00eda adem\u00e1s habr\u00e1 ecomercados de la Asociaci\u00f3n Guadalhorce Ecol\u00f3gico en\u00a0el Puerto Deportivo de Fuengirola y tambi\u00e9n en la Estaci\u00f3n de C\u00e1rtama, en el parque junto a la Urbanizaci\u00f3n Los Naranjos. El horario de apertura es a las 9 de la ma\u00f1ana hasta las 14 horas en ambos casos.<\/p>\n<p>Y para completar, en Marbella Horizonte Proyecto Hombre realiza su rastrillo ben\u00e9fico donde habr\u00e1 diversos puestos con moda para toda la familia, complementos de distinto tipo y art\u00edculos para el hogar y decoraci\u00f3n. Desde las 10 de la ma\u00f1ana en el Parque de la Alameda.<\/p>\n<div id=\"attachment_5623\" style=\"width: 1384px\" class=\"wp-caption aligncenter\"><a href=\"https:\/\/static-blogs.diariosur.es\/wp-content\/uploads\/sites\/19\/2021\/07\/muelle.jpg\"><img aria-describedby=\"caption-attachment-5623\" loading=\"lazy\" class=\"wp-image-5623 size-full\" src=\"https:\/\/static-blogs.diariosur.es\/wp-content\/uploads\/sites\/19\/2021\/07\/muelle.jpg\" alt=\"Uno de los stands de Muelle Uno. M. U.\" width=\"1374\" height=\"773\" srcset=\"https:\/\/static-blogs.diariosur.es\/wp-content\/uploads\/sites\/19\/2021\/07\/muelle.jpg 1374w, https:\/\/static-blogs.diariosur.es\/wp-content\/uploads\/sites\/19\/2021\/07\/muelle-300x169.jpg 300w, https:\/\/static-blogs.diariosur.es\/wp-content\/uploads\/sites\/19\/2021\/07\/muelle-768x432.jpg 768w, https:\/\/static-blogs.diariosur.es\/wp-content\/uploads\/sites\/19\/2021\/07\/muelle-1024x576.jpg 1024w\" sizes=\"(max-width: 1374px) 100vw, 1374px\" \/><\/a><p id=\"caption-attachment-5623\" class=\"wp-caption-text\">Uno de los stands de Muelle Uno. M. U.<\/p><\/div>\n","protected":false},"excerpt":{"rendered":"<p>Se nos va julio. Y adem\u00e1s de traernos calor en M\u00e1laga, su despedida llega con una variada agenda de mercadillos a visitar. La agenda se abre este viernes en Torremolinos, donde\u00a0la Asociaci\u00f3n de artesanas y artesanos de Torremolinos Atenea organiza su mercadillo artesanal de 19 a 00 horas en la peatonal de la avenida Palma [&hellip;]<\/p>\n","protected":false},"author":24,"featured_media":0,"comment_status":"open","ping_status":"open","sticky":false,"template":"","format":"standard","meta":[],"categories":[3,4],"tags":[1646,2352,4651,4239,2559,3107,3972],"_links":{"self":[{"href":"https:\/\/blogs.diariosur.es\/-que-le-compro-\/wp-json\/wp\/v2\/posts\/5622"}],"collection":[{"href":"https:\/\/blogs.diariosur.es\/-que-le-compro-\/wp-json\/wp\/v2\/posts"}],"about":[{"href":"https:\/\/blogs.diariosur.es\/-que-le-compro-\/wp-json\/wp\/v2\/types\/post"}],"author":[{"embeddable":true,"href":"https:\/\/blogs.diariosur.es\/-que-le-compro-\/wp-json\/wp\/v2\/users\/24"}],"replies":[{"embeddable":true,"href":"https:\/\/blogs.diariosur.es\/-que-le-compro-\/wp-json\/wp\/v2\/comments?post=5622"}],"version-history":[{"count":1,"href":"https:\/\/blogs.diariosur.es\/-que-le-compro-\/wp-json\/wp\/v2\/posts\/5622\/revisions"}],"predecessor-version":[{"id":5624,"href":"https:\/\/blogs.diariosur.es\/-que-le-compro-\/wp-json\/wp\/v2\/posts\/5622\/revisions\/5624"}],"wp:attachment":[{"href":"https:\/\/blogs.diariosur.es\/-que-le-compro-\/wp-json\/wp\/v2\/media?parent=5622"}],"wp:term":[{"taxonomy":"category","embeddable":true,"href":"https:\/\/blogs.diariosur.es\/-que-le-compro-\/wp-json\/wp\/v2\/categories?post=5622"},{"taxonomy":"post_tag","embeddable":true,"href":"https:\/\/blogs.diariosur.es\/-que-le-compro-\/wp-json\/wp\/v2\/tags?post=5622"}],"curies":[{"name":"wp","href":"https:\/\/api.w.org\/{rel}","templated":true}]}}