{"id":5633,"date":"2021-08-13T17:33:38","date_gmt":"2021-08-13T15:33:38","guid":{"rendered":"https:\/\/blogs.diariosur.es\/-que-le-compro-\/?p=5633"},"modified":"2021-08-19T17:40:32","modified_gmt":"2021-08-19T15:40:32","slug":"photocall-vialia-noferia-malaga","status":"publish","type":"post","link":"https:\/\/blogs.diariosur.es\/-que-le-compro-\/2021\/08\/13\/photocall-vialia-noferia-malaga\/","title":{"rendered":"Premios y photocall en Vialia durante la no feria de M\u00e1laga"},"content":{"rendered":"<p>Este a\u00f1o no hay feria tampoco en M\u00e1laga por el coronavirus, pero en el centro comercial Vialia han montado un photocall con el que se podr\u00e1n ganar regalos directos y sortear\u00e1 300 euros en compra. La iniciativa se ha bautizado como &#8216;Este a\u00f1o, vive la feria de Vialia&#8217; y ofrece la oportunidad adem\u00e1s de disfrutar de un<span style=\"font-weight: 400;\">\u00a0<\/span>photocall interactivo<span style=\"font-weight: 400;\"> en el que los visitantes podr\u00e1n tomarse una fotograf\u00eda en los <\/span>escenarios m\u00e1s emblem\u00e1ticos de la Feria de M\u00e1laga<b> y <\/b><span style=\"font-weight: 400;\">ganar regalos directos por subir su foto a <\/span>Facebook o Instagram junto al hashtag #LaFeriadeVialia<span style=\"font-weight: 400;\"> , mencionando o etiquetando a sus perfiles en redes sociales.\u00a0<\/span><span style=\"font-weight: 400;\">Las im\u00e1genes del photocall han sido cedidas desde el<\/span> \u00c1rea de Turismo del Ayuntamiento de M\u00e1laga.<\/p>\n<p><span style=\"font-weight: 400;\">Vialia sortea dem\u00e1s 300 euros de compras en sus establecimientos, y los interesados en participar solo tendr\u00e1n que\u00a0<\/span>descargar la App y participar <span style=\"font-weight: 400;\">desde la pesta\u00f1a sorteos, adem\u00e1s de seguir al centro en alguna de sus redes sociales.\u00a0<\/span><span style=\"font-weight: 400;\">El photocall estar\u00e1 activo hasta el pr\u00f3ximo <\/span>domingo 22 de agosto<span style=\"font-weight: 400;\"> en horario de\u00a0 11 a 14 horas y de de 18.15 a 22.15.\u00a0<\/span><\/p>\n<p><a href=\"https:\/\/static-blogs.diariosur.es\/wp-content\/uploads\/sites\/19\/2021\/08\/feria-vialiaa.jpg\"><img loading=\"lazy\" class=\"aligncenter size-full wp-image-5635\" src=\"https:\/\/static-blogs.diariosur.es\/wp-content\/uploads\/sites\/19\/2021\/08\/feria-vialiaa.jpg\" alt=\"\" width=\"800\" height=\"598\" srcset=\"https:\/\/static-blogs.diariosur.es\/wp-content\/uploads\/sites\/19\/2021\/08\/feria-vialiaa.jpg 800w, https:\/\/static-blogs.diariosur.es\/wp-content\/uploads\/sites\/19\/2021\/08\/feria-vialiaa-300x224.jpg 300w, https:\/\/static-blogs.diariosur.es\/wp-content\/uploads\/sites\/19\/2021\/08\/feria-vialiaa-768x574.jpg 768w\" sizes=\"(max-width: 800px) 100vw, 800px\" \/><\/a><\/p>\n","protected":false},"excerpt":{"rendered":"<p>Este a\u00f1o no hay feria tampoco en M\u00e1laga por el coronavirus, pero en el centro comercial Vialia han montado un photocall con el que se podr\u00e1n ganar regalos directos y sortear\u00e1 300 euros en compra. La iniciativa se ha bautizado como &#8216;Este a\u00f1o, vive la feria de Vialia&#8217; y ofrece la oportunidad adem\u00e1s de disfrutar [&hellip;]<\/p>\n","protected":false},"author":24,"featured_media":0,"comment_status":"open","ping_status":"open","sticky":false,"template":"","format":"standard","meta":[],"categories":[2,7],"tags":[4660,4659,3877,3878],"_links":{"self":[{"href":"https:\/\/blogs.diariosur.es\/-que-le-compro-\/wp-json\/wp\/v2\/posts\/5633"}],"collection":[{"href":"https:\/\/blogs.diariosur.es\/-que-le-compro-\/wp-json\/wp\/v2\/posts"}],"about":[{"href":"https:\/\/blogs.diariosur.es\/-que-le-compro-\/wp-json\/wp\/v2\/types\/post"}],"author":[{"embeddable":true,"href":"https:\/\/blogs.diariosur.es\/-que-le-compro-\/wp-json\/wp\/v2\/users\/24"}],"replies":[{"embeddable":true,"href":"https:\/\/blogs.diariosur.es\/-que-le-compro-\/wp-json\/wp\/v2\/comments?post=5633"}],"version-history":[{"count":1,"href":"https:\/\/blogs.diariosur.es\/-que-le-compro-\/wp-json\/wp\/v2\/posts\/5633\/revisions"}],"predecessor-version":[{"id":5636,"href":"https:\/\/blogs.diariosur.es\/-que-le-compro-\/wp-json\/wp\/v2\/posts\/5633\/revisions\/5636"}],"wp:attachment":[{"href":"https:\/\/blogs.diariosur.es\/-que-le-compro-\/wp-json\/wp\/v2\/media?parent=5633"}],"wp:term":[{"taxonomy":"category","embeddable":true,"href":"https:\/\/blogs.diariosur.es\/-que-le-compro-\/wp-json\/wp\/v2\/categories?post=5633"},{"taxonomy":"post_tag","embeddable":true,"href":"https:\/\/blogs.diariosur.es\/-que-le-compro-\/wp-json\/wp\/v2\/tags?post=5633"}],"curies":[{"name":"wp","href":"https:\/\/api.w.org\/{rel}","templated":true}]}}