{"id":5657,"date":"2021-09-22T18:17:05","date_gmt":"2021-09-22T16:17:05","guid":{"rendered":"https:\/\/blogs.diariosur.es\/-que-le-compro-\/?p=5657"},"modified":"2021-09-22T18:17:05","modified_gmt":"2021-09-22T16:17:05","slug":"vuelven-mercadillos-malaga-septiembre","status":"publish","type":"post","link":"https:\/\/blogs.diariosur.es\/-que-le-compro-\/2021\/09\/22\/vuelven-mercadillos-malaga-septiembre\/","title":{"rendered":"Doble Soho Mercado Urbano y otros mercadillos en M\u00e1laga"},"content":{"rendered":"<p>\u00a1Esto marcha! La lista, por suerte, cada vez se hace m\u00e1s larga, y la agenda de mercadillos de cada fin de semana en M\u00e1laga crece. Por ejemplo, este s\u00e1bado y el domingo habr\u00e1 doblete del <strong>Soho Mercado Urbano<\/strong>. Se celebrar\u00e1 de 11 a 19 horas ambos d\u00edas en la calle Tom\u00e1s Heredia, en pleno Centro de la capital, con moda para todos, distintos tipos de complementos, decoraci\u00f3n&#8230; y mucho m\u00e1s.<\/p>\n<p>Adem\u00e1s, en\u00a0<strong>Torremolinos<\/strong>\u00a0la asociaci\u00f3n de artesanos y artesanas Atenea organiza su mercadillo los mi\u00e9rcoles y los viernes en la Avenida Palma de Mallorca mientras que los s\u00e1bados, se trasladan a La Carihuela. En todos los casos, el horario es de 18 a 22 horas.<\/p>\n<p>La Sociedad\u00a0<strong>Protectora de Animales<\/strong>\u00a0y Plantas de M\u00e1laga ya sab\u00e9is que ha vuelto recientemente a celebrar sus mercadillos, que son los s\u00e1bados de 11 a 14 horas en sus instalaciones (Camino de las Erizas 4). Toda la recaudaci\u00f3n se destinar\u00e1 a la labor que realiza este centro. Tambi\u00e9n todos los s\u00e1bados se desarrolla el mercadillo de artesan\u00eda, moda y decoraci\u00f3n del Centro Plaza, en Nueva Andaluc\u00eda (Marbella) desde las diez de la ma\u00f1ana hasta las 14.3o horas.<\/p>\n<p>Por su parte, la asociaci\u00f3n <strong>Guadalhorce Ecol\u00f3gico<\/strong> expondr\u00e1 los stands de sus productores este s\u00e1bado en el Parque Huelin, en M\u00e1laga capital, y el domingo en el bulevar de la Cala de Mijas, frente a la Tenencia de Alcald\u00eda. De 9 a 14 horas en ambos d\u00edas.<\/p>\n<p>Y para completar os recuerdo que el\u00a0<strong>Mercado de Verano de Muelle Uno<\/strong>\u00a0sigue abierto todos los d\u00edas hasta el 17 de octubre y puede visitarse de\u00a0de lunes a jueves de 12 a 23 horas y de viernes a domingo de doce de la ma\u00f1ana a doce de la noche.<\/p>\n<p>\u00a1Buen fin de semana!<\/p>\n<p><a href=\"https:\/\/static-blogs.diariosur.es\/wp-content\/uploads\/sites\/19\/2021\/09\/soho-ropa.jpg\"><img loading=\"lazy\" class=\"aligncenter size-full wp-image-5658\" src=\"https:\/\/static-blogs.diariosur.es\/wp-content\/uploads\/sites\/19\/2021\/09\/soho-ropa.jpg\" alt=\"\" width=\"765\" height=\"475\" srcset=\"https:\/\/static-blogs.diariosur.es\/wp-content\/uploads\/sites\/19\/2021\/09\/soho-ropa.jpg 765w, https:\/\/static-blogs.diariosur.es\/wp-content\/uploads\/sites\/19\/2021\/09\/soho-ropa-300x186.jpg 300w\" sizes=\"(max-width: 765px) 100vw, 765px\" \/><\/a><\/p>\n","protected":false},"excerpt":{"rendered":"<p>\u00a1Esto marcha! La lista, por suerte, cada vez se hace m\u00e1s larga, y la agenda de mercadillos de cada fin de semana en M\u00e1laga crece. Por ejemplo, este s\u00e1bado y el domingo habr\u00e1 doblete del Soho Mercado Urbano. Se celebrar\u00e1 de 11 a 19 horas ambos d\u00edas en la calle Tom\u00e1s Heredia, en pleno Centro [&hellip;]<\/p>\n","protected":false},"author":24,"featured_media":0,"comment_status":"open","ping_status":"open","sticky":false,"template":"","format":"standard","meta":[],"categories":[2,4],"tags":[4673,311,4675,4674,4444,4525],"_links":{"self":[{"href":"https:\/\/blogs.diariosur.es\/-que-le-compro-\/wp-json\/wp\/v2\/posts\/5657"}],"collection":[{"href":"https:\/\/blogs.diariosur.es\/-que-le-compro-\/wp-json\/wp\/v2\/posts"}],"about":[{"href":"https:\/\/blogs.diariosur.es\/-que-le-compro-\/wp-json\/wp\/v2\/types\/post"}],"author":[{"embeddable":true,"href":"https:\/\/blogs.diariosur.es\/-que-le-compro-\/wp-json\/wp\/v2\/users\/24"}],"replies":[{"embeddable":true,"href":"https:\/\/blogs.diariosur.es\/-que-le-compro-\/wp-json\/wp\/v2\/comments?post=5657"}],"version-history":[{"count":1,"href":"https:\/\/blogs.diariosur.es\/-que-le-compro-\/wp-json\/wp\/v2\/posts\/5657\/revisions"}],"predecessor-version":[{"id":5659,"href":"https:\/\/blogs.diariosur.es\/-que-le-compro-\/wp-json\/wp\/v2\/posts\/5657\/revisions\/5659"}],"wp:attachment":[{"href":"https:\/\/blogs.diariosur.es\/-que-le-compro-\/wp-json\/wp\/v2\/media?parent=5657"}],"wp:term":[{"taxonomy":"category","embeddable":true,"href":"https:\/\/blogs.diariosur.es\/-que-le-compro-\/wp-json\/wp\/v2\/categories?post=5657"},{"taxonomy":"post_tag","embeddable":true,"href":"https:\/\/blogs.diariosur.es\/-que-le-compro-\/wp-json\/wp\/v2\/tags?post=5657"}],"curies":[{"name":"wp","href":"https:\/\/api.w.org\/{rel}","templated":true}]}}