{"id":5661,"date":"2021-09-27T15:52:27","date_gmt":"2021-09-27T13:52:27","guid":{"rendered":"https:\/\/blogs.diariosur.es\/-que-le-compro-\/?p=5661"},"modified":"2021-09-29T16:02:04","modified_gmt":"2021-09-29T14:02:04","slug":"popup-taras-charanga-malaga","status":"publish","type":"post","link":"https:\/\/blogs.diariosur.es\/-que-le-compro-\/2021\/09\/27\/popup-taras-charanga-malaga\/","title":{"rendered":"Pop up de taras en Charanga"},"content":{"rendered":"<p>Si ten\u00e9is que comprar moda infantil esto os interesa especialmente: Charanga celebra una pp up de taras en su tienda en el parque comercial M\u00e1laga Nostrum. Podr\u00e1 visitarse del jueves 30 de septiembre al s\u00e1bado 2 de octubre y all\u00ed se encontrar\u00e1n distintas prendas con algunos peque\u00f1os desperfectos a precios muy interesantes. Una buena oportunidad a tener en cuenta pensando en el cambio de armario que ya pronto tocar\u00e1 hacer para decir adi\u00f3s a la ropa de verano y sacar la de oto\u00f1o e invierno.<\/p>\n<p>\u00a1Avisados qued\u00e1is!<\/p>\n<p><a href=\"https:\/\/static-blogs.diariosur.es\/wp-content\/uploads\/sites\/19\/2021\/09\/popuptaras.jpg\"><img loading=\"lazy\" class=\"aligncenter size-full wp-image-5662\" src=\"https:\/\/static-blogs.diariosur.es\/wp-content\/uploads\/sites\/19\/2021\/09\/popuptaras.jpg\" alt=\"\" width=\"526\" height=\"526\" srcset=\"https:\/\/static-blogs.diariosur.es\/wp-content\/uploads\/sites\/19\/2021\/09\/popuptaras.jpg 526w, https:\/\/static-blogs.diariosur.es\/wp-content\/uploads\/sites\/19\/2021\/09\/popuptaras-150x150.jpg 150w, https:\/\/static-blogs.diariosur.es\/wp-content\/uploads\/sites\/19\/2021\/09\/popuptaras-300x300.jpg 300w\" sizes=\"(max-width: 526px) 100vw, 526px\" \/><\/a><\/p>\n","protected":false},"excerpt":{"rendered":"<p>Si ten\u00e9is que comprar moda infantil esto os interesa especialmente: Charanga celebra una pp up de taras en su tienda en el parque comercial M\u00e1laga Nostrum. Podr\u00e1 visitarse del jueves 30 de septiembre al s\u00e1bado 2 de octubre y all\u00ed se encontrar\u00e1n distintas prendas con algunos peque\u00f1os desperfectos a precios muy interesantes. Una buena oportunidad [&hellip;]<\/p>\n","protected":false},"author":24,"featured_media":0,"comment_status":"open","ping_status":"open","sticky":false,"template":"","format":"standard","meta":[],"categories":[2,7],"tags":[730,1341,4677,2825,4676],"_links":{"self":[{"href":"https:\/\/blogs.diariosur.es\/-que-le-compro-\/wp-json\/wp\/v2\/posts\/5661"}],"collection":[{"href":"https:\/\/blogs.diariosur.es\/-que-le-compro-\/wp-json\/wp\/v2\/posts"}],"about":[{"href":"https:\/\/blogs.diariosur.es\/-que-le-compro-\/wp-json\/wp\/v2\/types\/post"}],"author":[{"embeddable":true,"href":"https:\/\/blogs.diariosur.es\/-que-le-compro-\/wp-json\/wp\/v2\/users\/24"}],"replies":[{"embeddable":true,"href":"https:\/\/blogs.diariosur.es\/-que-le-compro-\/wp-json\/wp\/v2\/comments?post=5661"}],"version-history":[{"count":1,"href":"https:\/\/blogs.diariosur.es\/-que-le-compro-\/wp-json\/wp\/v2\/posts\/5661\/revisions"}],"predecessor-version":[{"id":5663,"href":"https:\/\/blogs.diariosur.es\/-que-le-compro-\/wp-json\/wp\/v2\/posts\/5661\/revisions\/5663"}],"wp:attachment":[{"href":"https:\/\/blogs.diariosur.es\/-que-le-compro-\/wp-json\/wp\/v2\/media?parent=5661"}],"wp:term":[{"taxonomy":"category","embeddable":true,"href":"https:\/\/blogs.diariosur.es\/-que-le-compro-\/wp-json\/wp\/v2\/categories?post=5661"},{"taxonomy":"post_tag","embeddable":true,"href":"https:\/\/blogs.diariosur.es\/-que-le-compro-\/wp-json\/wp\/v2\/tags?post=5661"}],"curies":[{"name":"wp","href":"https:\/\/api.w.org\/{rel}","templated":true}]}}