{"id":5664,"date":"2021-09-29T17:04:26","date_gmt":"2021-09-29T15:04:26","guid":{"rendered":"https:\/\/blogs.diariosur.es\/-que-le-compro-\/?p=5664"},"modified":"2021-09-30T13:27:14","modified_gmt":"2021-09-30T11:27:14","slug":"mercadillos-octubre-malaga-2","status":"publish","type":"post","link":"https:\/\/blogs.diariosur.es\/-que-le-compro-\/2021\/09\/29\/mercadillos-octubre-malaga-2\/","title":{"rendered":"Mercadillos para empezar octubre con mucho que ver en M\u00e1laga"},"content":{"rendered":"<p>\u00a1Ya est\u00e1 aqu\u00ed el fin de semana!\u00a0 Y tambi\u00e9n hay un regreso en este primer &#8216;finde&#8217; de octubre. Se trata de las <strong>Noches de la Bella Jarifa<\/strong>, en C\u00e1rtama, que se celebrar\u00e1n del viernes al domingo. Entre sus actividades habr\u00e1\u00a0\u00a0talleres infantiles, rutas culturales y por supuesto, un gran zoco, que es uno de sus principales reclamos.<\/p>\n<p>Adem\u00e1s, el s\u00e1bado en el centro comercial y de ocio <strong>Plaza Mayor<\/strong> tendr\u00e1 lugar la segunda edici\u00f3n del Mercado de las Flores, tanto el viernes como el s\u00e1bado. Ser\u00e1 de 10 a 22 horas y contar\u00e1 con talleres, m\u00fasica y gastronom\u00eda. Tambi\u00e9n el d\u00eda 2 habr\u00e1\u00a0<strong>mercadillo de la Sociedad Protectora<\/strong>\u00a0de Animales y Plantas de M\u00e1laga en su sede (en Camino de las Erizas 4). Se celebra desde las once de la ma\u00f1ana hasta las dos de la tarde y toda la recaudaci\u00f3n se destinar\u00e1 a la labor que realiza este centro. Podr\u00e1n adquirirse distintos accesorios para tu mascota y tambi\u00e9n puede disfrutarse de una secci\u00f3n outlet. Igualmente, todos los s\u00e1bados se desarrolla el mercadillo de artesan\u00eda, moda y decoraci\u00f3n del <strong>Centro Plaza,<\/strong> en Nueva Andaluc\u00eda (Marbella) desde las diez de la ma\u00f1ana hasta las 14.3o horas.\u00a0\u00a0Y siguiendo en la provincia, habr\u00e1 un mercadillo en <strong>\u00c1lora<\/strong> con motivo del d\u00eda de las Sopas Perotas, que tambi\u00e9n regresa tras un par\u00e9ntesis por el coronavirus.<\/p>\n<div id=\"attachment_5672\" style=\"width: 1090px\" class=\"wp-caption aligncenter\"><a href=\"https:\/\/static-blogs.diariosur.es\/wp-content\/uploads\/sites\/19\/2021\/09\/cesteria.jpg\"><img aria-describedby=\"caption-attachment-5672\" loading=\"lazy\" class=\"size-full wp-image-5672\" src=\"https:\/\/static-blogs.diariosur.es\/wp-content\/uploads\/sites\/19\/2021\/09\/cesteria.jpg\" alt=\"\" width=\"1080\" height=\"595\" srcset=\"https:\/\/static-blogs.diariosur.es\/wp-content\/uploads\/sites\/19\/2021\/09\/cesteria.jpg 1080w, https:\/\/static-blogs.diariosur.es\/wp-content\/uploads\/sites\/19\/2021\/09\/cesteria-300x165.jpg 300w, https:\/\/static-blogs.diariosur.es\/wp-content\/uploads\/sites\/19\/2021\/09\/cesteria-768x423.jpg 768w, https:\/\/static-blogs.diariosur.es\/wp-content\/uploads\/sites\/19\/2021\/09\/cesteria-1024x564.jpg 1024w\" sizes=\"(max-width: 1080px) 100vw, 1080px\" \/><\/a><p id=\"caption-attachment-5672\" class=\"wp-caption-text\">Artesan\u00eda en el mercado agro-artesanal de Genalguacil<\/p><\/div>\n<p>Para completar esta ruta, en Genalguacil se llevar\u00e1 a cabo una nueva edici\u00f3n del <strong>Mercado Agro-artesanal<\/strong>, donde\u00a0artesanos y productores locales de la Serran\u00eda de Ronda exponen sus productos para la venta. As\u00ed, en la plaza del pueblo de 12 a 19 horas podr\u00e1 encontrarse artesan\u00eda, productos del campo, podr\u00e1n intercambiarse semillas y tambi\u00e9n habr\u00e1 una barra para poder tomar un tentempi\u00e9. Adem\u00e1s, se impartir\u00e1 la charla &#8216;El botiqu\u00edn natural del campo&#8217;, una charla\/demostraci\u00f3n impartida por Julie Burgess que ense\u00f1ar\u00e1 a preparar a partir de\u00a0 plantas nuestros propios y eficaces\u00a0 remedios medicinales para numerosas afecciones comunes. Este mercadillo artesanal se organiza desde la asociaci\u00f3n Genial Genal el primer s\u00e1bado de cada mes y trata de ofrecer actividades paralelas en cada edici\u00f3n.<\/p>\n<p>El domingo, en el Centro de M\u00e1laga estar\u00e1 <strong>La Merced &amp;Co,<\/strong> en la c\u00e9ntrica plaza de la Merced, donde desde las 11 a las 20 horas se podr\u00e1 encontrar moda para toda la familia, complementos, decoraci\u00f3n y mucho m\u00e1s. Y en Marbella, concretamente en el\u00a0<span style=\"font-weight: 400;\">Parque de la Alameda, desde las diez de la ma\u00f1ana se celebrar\u00e1 el <strong>I Rastrillo ben\u00e9fico de Oto\u00f1o<\/strong> a beneficio de la asociaci\u00f3n Horizonte Proyecto Hombre, donde podr\u00e1 encontrarse moda, decoraci\u00f3n, art\u00edculos para el hogar&#8230;.<\/span><\/p>\n<p>Por \u00faltimo, os recuerdo que el\u00a0<strong>Mercado de Verano de Muelle Uno <\/strong>contin\u00faa hasta el 17 de octubre. Puede visitarse de lunes a jueves de 12 a 23 horas y de viernes a domingo de 12 a 00. Por su parte, los ecomercados de la asociaci\u00f3n Guadalhorce Ecol\u00f3gico estar\u00e1n este s\u00e1bado en la Avenida Espa\u00f1a, en Pinar de Elviria (Marbella) mientras que el domingo habr\u00e1 doblete: en C\u00e1rtama Estaci\u00f3n (Parque Urb. Los Naranjos) y el domingo en el puerto deportivo de Fuengirola.<\/p>\n<p>\u00a1Buen fin de semana!<\/p>\n<div id=\"attachment_5667\" style=\"width: 611px\" class=\"wp-caption aligncenter\"><a href=\"https:\/\/static-blogs.diariosur.es\/wp-content\/uploads\/sites\/19\/2021\/09\/merced-artesania.jpg\"><img aria-describedby=\"caption-attachment-5667\" loading=\"lazy\" class=\"size-full wp-image-5667\" src=\"https:\/\/static-blogs.diariosur.es\/wp-content\/uploads\/sites\/19\/2021\/09\/merced-artesania.jpg\" alt=\"\" width=\"601\" height=\"600\" srcset=\"https:\/\/static-blogs.diariosur.es\/wp-content\/uploads\/sites\/19\/2021\/09\/merced-artesania.jpg 601w, https:\/\/static-blogs.diariosur.es\/wp-content\/uploads\/sites\/19\/2021\/09\/merced-artesania-150x150.jpg 150w, https:\/\/static-blogs.diariosur.es\/wp-content\/uploads\/sites\/19\/2021\/09\/merced-artesania-300x300.jpg 300w\" sizes=\"(max-width: 601px) 100vw, 601px\" \/><\/a><p id=\"caption-attachment-5667\" class=\"wp-caption-text\">Artesan\u00eda en La Merced &amp; Co. :: Cats Markets<\/p><\/div>\n","protected":false},"excerpt":{"rendered":"<p>\u00a1Ya est\u00e1 aqu\u00ed el fin de semana!\u00a0 Y tambi\u00e9n hay un regreso en este primer &#8216;finde&#8217; de octubre. Se trata de las Noches de la Bella Jarifa, en C\u00e1rtama, que se celebrar\u00e1n del viernes al domingo. Entre sus actividades habr\u00e1\u00a0\u00a0talleres infantiles, rutas culturales y por supuesto, un gran zoco, que es uno de sus principales [&hellip;]<\/p>\n","protected":false},"author":24,"featured_media":0,"comment_status":"open","ping_status":"open","sticky":false,"template":"","format":"standard","meta":[],"categories":[4,6],"tags":[313,4620,706,4619,4678,2259,2337,4681,4680,4444,4682,4303,4683,4679],"_links":{"self":[{"href":"https:\/\/blogs.diariosur.es\/-que-le-compro-\/wp-json\/wp\/v2\/posts\/5664"}],"collection":[{"href":"https:\/\/blogs.diariosur.es\/-que-le-compro-\/wp-json\/wp\/v2\/posts"}],"about":[{"href":"https:\/\/blogs.diariosur.es\/-que-le-compro-\/wp-json\/wp\/v2\/types\/post"}],"author":[{"embeddable":true,"href":"https:\/\/blogs.diariosur.es\/-que-le-compro-\/wp-json\/wp\/v2\/users\/24"}],"replies":[{"embeddable":true,"href":"https:\/\/blogs.diariosur.es\/-que-le-compro-\/wp-json\/wp\/v2\/comments?post=5664"}],"version-history":[{"count":6,"href":"https:\/\/blogs.diariosur.es\/-que-le-compro-\/wp-json\/wp\/v2\/posts\/5664\/revisions"}],"predecessor-version":[{"id":5674,"href":"https:\/\/blogs.diariosur.es\/-que-le-compro-\/wp-json\/wp\/v2\/posts\/5664\/revisions\/5674"}],"wp:attachment":[{"href":"https:\/\/blogs.diariosur.es\/-que-le-compro-\/wp-json\/wp\/v2\/media?parent=5664"}],"wp:term":[{"taxonomy":"category","embeddable":true,"href":"https:\/\/blogs.diariosur.es\/-que-le-compro-\/wp-json\/wp\/v2\/categories?post=5664"},{"taxonomy":"post_tag","embeddable":true,"href":"https:\/\/blogs.diariosur.es\/-que-le-compro-\/wp-json\/wp\/v2\/tags?post=5664"}],"curies":[{"name":"wp","href":"https:\/\/api.w.org\/{rel}","templated":true}]}}