{"id":5697,"date":"2021-11-09T20:15:40","date_gmt":"2021-11-09T19:15:40","guid":{"rendered":"https:\/\/blogs.diariosur.es\/-que-le-compro-\/?p=5697"},"modified":"2021-11-09T20:15:40","modified_gmt":"2021-11-09T19:15:40","slug":"sabor-a-malaga-en-mercadillos-artesanales-de-la-ciudad","status":"publish","type":"post","link":"https:\/\/blogs.diariosur.es\/-que-le-compro-\/2021\/11\/09\/sabor-a-malaga-en-mercadillos-artesanales-de-la-ciudad\/","title":{"rendered":"Sabor a M\u00e1laga en mercadillos artesanales de la ciudad"},"content":{"rendered":"<p>Desde este mes, los mercadillos artesanales de M\u00e1laga van a tener un gusto especial. El de los art\u00edculos de Sabor a M\u00e1laga, la iniciativa de la Diputaci\u00f3n que a\u00fana a productores y empresas locales. La Delegaci\u00f3n de Desarrollo Econ\u00f3mico Sostenible ha firmado un contrato patrimonial con las empresas concesionarias de tres de los mercados urbanos municipales de la capital y a desde el pr\u00f3ximo 26 de noviembre y durante un a\u00f1o se instalar\u00e1n \u2018Corners Sabor a M\u00e1laga\u2019 en los mercadillos artesanales de Plaza de la Merced, Soho y Muelle Uno.<\/p>\n<p>En el Mercado urbano de La Merced (La Merced &amp; Co) que se celebra el primer domingo de cada mes, habr\u00e1 doce puestos con 12 productores distintos. En el del Soho, que tiene lugar el cuarto domingo de cada mes, ser\u00e1n otros doce stands con otras 12 empresas. Y en el Zoco de Muelle Uno, que abarca tres domingos de cada mes, se contar\u00e1 con un corner cada una de las jornadas con 12 productores diferentes para cada uno de los d\u00edas. En total y contando los stands instalados en los tres mercadillos habr\u00e1 36 puestos, para 60 productores con presencia en las calles de la capital malague\u00f1a doce d\u00edas al a\u00f1o y durante doce meses.<\/p>\n<div id=\"attachment_5699\" style=\"width: 1384px\" class=\"wp-caption aligncenter\"><a href=\"https:\/\/static-blogs.diariosur.es\/wp-content\/uploads\/sites\/19\/2021\/11\/soho2.jpg\"><img aria-describedby=\"caption-attachment-5699\" loading=\"lazy\" class=\"wp-image-5699 size-full\" src=\"https:\/\/static-blogs.diariosur.es\/wp-content\/uploads\/sites\/19\/2021\/11\/soho2.jpg\" alt=\"El Soho Mercado Urbano contar\u00e1n con estos c\u00f3rners. :: La Chistera M.\" width=\"1374\" height=\"835\" srcset=\"https:\/\/static-blogs.diariosur.es\/wp-content\/uploads\/sites\/19\/2021\/11\/soho2.jpg 1374w, https:\/\/static-blogs.diariosur.es\/wp-content\/uploads\/sites\/19\/2021\/11\/soho2-300x182.jpg 300w, https:\/\/static-blogs.diariosur.es\/wp-content\/uploads\/sites\/19\/2021\/11\/soho2-768x467.jpg 768w, https:\/\/static-blogs.diariosur.es\/wp-content\/uploads\/sites\/19\/2021\/11\/soho2-1024x622.jpg 1024w\" sizes=\"(max-width: 1374px) 100vw, 1374px\" \/><\/a><p id=\"caption-attachment-5699\" class=\"wp-caption-text\">El Soho Mercado Urbano contar\u00e1n con estos c\u00f3rners. :: La Chistera M.<\/p><\/div>\n","protected":false},"excerpt":{"rendered":"<p>Desde este mes, los mercadillos artesanales de M\u00e1laga van a tener un gusto especial. El de los art\u00edculos de Sabor a M\u00e1laga, la iniciativa de la Diputaci\u00f3n que a\u00fana a productores y empresas locales. La Delegaci\u00f3n de Desarrollo Econ\u00f3mico Sostenible ha firmado un contrato patrimonial con las empresas concesionarias de tres de los mercados urbanos [&hellip;]<\/p>\n","protected":false},"author":24,"featured_media":0,"comment_status":"open","ping_status":"open","sticky":false,"template":"","format":"standard","meta":[],"categories":[3,4,7],"tags":[4700,1123,4619,2359,3289,4525,3968],"_links":{"self":[{"href":"https:\/\/blogs.diariosur.es\/-que-le-compro-\/wp-json\/wp\/v2\/posts\/5697"}],"collection":[{"href":"https:\/\/blogs.diariosur.es\/-que-le-compro-\/wp-json\/wp\/v2\/posts"}],"about":[{"href":"https:\/\/blogs.diariosur.es\/-que-le-compro-\/wp-json\/wp\/v2\/types\/post"}],"author":[{"embeddable":true,"href":"https:\/\/blogs.diariosur.es\/-que-le-compro-\/wp-json\/wp\/v2\/users\/24"}],"replies":[{"embeddable":true,"href":"https:\/\/blogs.diariosur.es\/-que-le-compro-\/wp-json\/wp\/v2\/comments?post=5697"}],"version-history":[{"count":1,"href":"https:\/\/blogs.diariosur.es\/-que-le-compro-\/wp-json\/wp\/v2\/posts\/5697\/revisions"}],"predecessor-version":[{"id":5700,"href":"https:\/\/blogs.diariosur.es\/-que-le-compro-\/wp-json\/wp\/v2\/posts\/5697\/revisions\/5700"}],"wp:attachment":[{"href":"https:\/\/blogs.diariosur.es\/-que-le-compro-\/wp-json\/wp\/v2\/media?parent=5697"}],"wp:term":[{"taxonomy":"category","embeddable":true,"href":"https:\/\/blogs.diariosur.es\/-que-le-compro-\/wp-json\/wp\/v2\/categories?post=5697"},{"taxonomy":"post_tag","embeddable":true,"href":"https:\/\/blogs.diariosur.es\/-que-le-compro-\/wp-json\/wp\/v2\/tags?post=5697"}],"curies":[{"name":"wp","href":"https:\/\/api.w.org\/{rel}","templated":true}]}}