{"id":5785,"date":"2022-01-20T19:17:07","date_gmt":"2022-01-20T18:17:07","guid":{"rendered":"https:\/\/blogs.diariosur.es\/-que-le-compro-\/?p=5785"},"modified":"2022-01-20T19:17:16","modified_gmt":"2022-01-20T18:17:16","slug":"inauguracion-fnac-malaga-larios","status":"publish","type":"post","link":"https:\/\/blogs.diariosur.es\/-que-le-compro-\/2022\/01\/20\/inauguracion-fnac-malaga-larios\/","title":{"rendered":"Actividades de la inauguraci\u00f3n de Fnac M\u00e1laga en Larios Centro"},"content":{"rendered":"<p><strong>Fnac M\u00e1laga<\/strong> estrenar\u00e1 su nueva tienda por todo lo alto. El pr\u00f3ximo 27 de enero la firma dir\u00e1<a href=\"https:\/\/www.diariosur.es\/malaga-capital\/fnac-malaga-cierre-mudanza-larios-20220114233442-nt.html\" rel=\"external nofollow\"> adi\u00f3s definitivamente al M\u00e1laga Plaza<\/a> con la inauguraci\u00f3n en el centro comercial Larios Centro, ocupando el espacio que dej\u00f3 libre en su d\u00eda en la planta baja Worten. Y para celebrar por todo lo alto su llegada, la empresa ha preparado un variado programa de actividades que contar\u00e1 con la presencia del escritor Javier Castillo y la actuaci\u00f3n en directo de\u00a0Free Soul Band y al que han bautizado con el divertido nombre\u00a0&#8216;Una apertura as\u00ed entra mejor que un polofl\u00e1n&#8217; .<\/p>\n<p>Fnac M\u00e1laga-Larios tiene una superficie de 1.400 metros cuadrados y mantendr\u00e1 los m\u00e1s de 30 puestos de trabajo que conforman su plantilla, seg\u00fan anuncian a trav\u00e9s de un comunicado. En su nueva ubicaci\u00f3n continuar\u00e1n\u00a0todas las secciones habituales: imagen, sonido, home, foto, hardware, telefon\u00eda, productos conectados, movilidad urbana, discos, cine, gaming, merchandising, libros, papeler\u00eda, juguetes, etc.<\/p>\n<p>Tras el corte de cinta y discurso de bienvenida de la directora general de Fnac Espa\u00f1a, Annabel Chaussat, se presentar\u00e1 al nuevo padrino de la tienda: el escritor malague\u00f1o <strong>Javier Castillo<\/strong>.\u00a0A continuaci\u00f3n, la banda Free Soul Band, grupo musical con m\u00e1s de 20 a\u00f1os de trayectoria, ofrecer\u00e1 un concierto en directo para los clientes y socios de Fnac.<\/p>\n<p>\u00a1Avisad@s qued\u00e1is!<\/p>\n<div id=\"attachment_5786\" style=\"width: 634px\" class=\"wp-caption aligncenter\"><a href=\"https:\/\/static-blogs.diariosur.es\/wp-content\/uploads\/sites\/19\/2022\/01\/fnac-exterior.jpg\"><img aria-describedby=\"caption-attachment-5786\" loading=\"lazy\" class=\"size-full wp-image-5786\" src=\"https:\/\/static-blogs.diariosur.es\/wp-content\/uploads\/sites\/19\/2022\/01\/fnac-exterior.jpg\" alt=\"\" width=\"624\" height=\"385\" srcset=\"https:\/\/static-blogs.diariosur.es\/wp-content\/uploads\/sites\/19\/2022\/01\/fnac-exterior.jpg 624w, https:\/\/static-blogs.diariosur.es\/wp-content\/uploads\/sites\/19\/2022\/01\/fnac-exterior-300x185.jpg 300w\" sizes=\"(max-width: 624px) 100vw, 624px\" \/><\/a><p id=\"caption-attachment-5786\" class=\"wp-caption-text\">Exterior de la nueva tienda de Fnac en el c. c. Larios Centro :: SUR<\/p><\/div>\n<p>&nbsp;<\/p>\n","protected":false},"excerpt":{"rendered":"<p>Fnac M\u00e1laga estrenar\u00e1 su nueva tienda por todo lo alto. El pr\u00f3ximo 27 de enero la firma dir\u00e1 adi\u00f3s definitivamente al M\u00e1laga Plaza con la inauguraci\u00f3n en el centro comercial Larios Centro, ocupando el espacio que dej\u00f3 libre en su d\u00eda en la planta baja Worten. Y para celebrar por todo lo alto su llegada, [&hellip;]<\/p>\n","protected":false},"author":24,"featured_media":0,"comment_status":"open","ping_status":"open","sticky":false,"template":"","format":"standard","meta":[],"categories":[2,7,8],"tags":[696,1457,4739,4738,2060,4737],"_links":{"self":[{"href":"https:\/\/blogs.diariosur.es\/-que-le-compro-\/wp-json\/wp\/v2\/posts\/5785"}],"collection":[{"href":"https:\/\/blogs.diariosur.es\/-que-le-compro-\/wp-json\/wp\/v2\/posts"}],"about":[{"href":"https:\/\/blogs.diariosur.es\/-que-le-compro-\/wp-json\/wp\/v2\/types\/post"}],"author":[{"embeddable":true,"href":"https:\/\/blogs.diariosur.es\/-que-le-compro-\/wp-json\/wp\/v2\/users\/24"}],"replies":[{"embeddable":true,"href":"https:\/\/blogs.diariosur.es\/-que-le-compro-\/wp-json\/wp\/v2\/comments?post=5785"}],"version-history":[{"count":1,"href":"https:\/\/blogs.diariosur.es\/-que-le-compro-\/wp-json\/wp\/v2\/posts\/5785\/revisions"}],"predecessor-version":[{"id":5787,"href":"https:\/\/blogs.diariosur.es\/-que-le-compro-\/wp-json\/wp\/v2\/posts\/5785\/revisions\/5787"}],"wp:attachment":[{"href":"https:\/\/blogs.diariosur.es\/-que-le-compro-\/wp-json\/wp\/v2\/media?parent=5785"}],"wp:term":[{"taxonomy":"category","embeddable":true,"href":"https:\/\/blogs.diariosur.es\/-que-le-compro-\/wp-json\/wp\/v2\/categories?post=5785"},{"taxonomy":"post_tag","embeddable":true,"href":"https:\/\/blogs.diariosur.es\/-que-le-compro-\/wp-json\/wp\/v2\/tags?post=5785"}],"curies":[{"name":"wp","href":"https:\/\/api.w.org\/{rel}","templated":true}]}}