{"id":5816,"date":"2022-02-13T23:40:49","date_gmt":"2022-02-13T22:40:49","guid":{"rendered":"https:\/\/blogs.diariosur.es\/-que-le-compro-\/?p=5816"},"modified":"2022-02-13T23:59:41","modified_gmt":"2022-02-13T22:59:41","slug":"regalos-sanvalentin-parejas","status":"publish","type":"post","link":"https:\/\/blogs.diariosur.es\/-que-le-compro-\/2022\/02\/13\/regalos-sanvalentin-parejas\/","title":{"rendered":"Regalos para sorprender en San Valent\u00edn"},"content":{"rendered":"<p>Habr\u00e1 quien lo haya celebrado ya durante el fin de semana, pero si sois de los que lo hac\u00e9is en el d\u00eda &#8216;oficial&#8217;, este lunes es 14 de febrero, San Valent\u00edn. As\u00ed que para muchas parejas es la fecha para tener un detalle, del tipo que sea. Porque no s\u00f3lo tiene que ser una sorpresa material, sino que as\u00ed como cualquier d\u00eda es bueno para celebrar el amor, todos los detalles deben ser bienvenidos si se hacen con el coraz\u00f3n.<\/p>\n<p>Si busc\u00e1is ideas para este d\u00eda de los enamorados, hay cl\u00e1sicos que nunca fallan, sobre todo para ellas: joyas (si son personalizadas, seguro que se valoran m\u00e1s), peluches, perfumes, complementos y tambi\u00e9n, por qu\u00e9 no, alg\u00fan libro o art\u00edculo de cosm\u00e9tica o belleza para cuidarse, se tenga la edad que se tenga.<\/p>\n<p>Entre los regalos que pueden ser tanto para ambos figuran los gadgets, entre los que no pueden faltar los tel\u00e9fonos m\u00f3viles y sus complementos (una funda personalizada, por ejemplo, es algo pr\u00e1ctico y no demasiado caro), o tambi\u00e9n los relojes inteligentes (cada vez hay mayor variedad de precios, a cu\u00e1l m\u00e1s asequible), m\u00fasica&#8230; Y por supuesto ropa, art\u00edculos deportivos o una caja de experiencias con sus m\u00faltiples posibilidades: visita a una bodega, a hoteles, un buen almuerzo o cena en restaurantes especiales a elegir, una sesi\u00f3n de spa&#8230; Tambi\u00e9n puede ser momento de darse un capricho en com\u00fan para la casa, o regalarse algo que pueda servir para los dos, como chocolates, fotos enmarcadas o incluso impresas en cojines, por ejemplo. \u00a1Ah! Y si est\u00e1is en M\u00e1laga y os apetece<a href=\"https:\/\/www.diariosur.es\/planes\/bodas-elvis-malaga-sanvalentin-20220208234431-nt.html\" rel=\"external nofollow\"> celebrar una boda al estilo Las Vegas<\/a>, con Elvis incluido, hasta es lunes se puede hacer en los Autocines Metrovacesa, que proyecta una serie de pel\u00edculas rom\u00e1nticas en estos d\u00edas con motivo del 14 de febrero.<\/p>\n<p>\u00a1Feliz San Valent\u00edn!<\/p>\n<p><a href=\"https:\/\/static-blogs.diariosur.es\/wp-content\/uploads\/sites\/19\/2022\/02\/llavero.jpg\"><img loading=\"lazy\" class=\"aligncenter size-full wp-image-5817\" src=\"https:\/\/static-blogs.diariosur.es\/wp-content\/uploads\/sites\/19\/2022\/02\/llavero.jpg\" alt=\"\" width=\"569\" height=\"309\" srcset=\"https:\/\/static-blogs.diariosur.es\/wp-content\/uploads\/sites\/19\/2022\/02\/llavero.jpg 569w, https:\/\/static-blogs.diariosur.es\/wp-content\/uploads\/sites\/19\/2022\/02\/llavero-300x163.jpg 300w\" sizes=\"(max-width: 569px) 100vw, 569px\" \/><\/a><\/p>\n<p>Original llavero en Amazon, que como otras webs tiendas cuenta con un especial para el 14-F.<\/p>\n<p>&nbsp;<\/p>\n","protected":false},"excerpt":{"rendered":"<p>Habr\u00e1 quien lo haya celebrado ya durante el fin de semana, pero si sois de los que lo hac\u00e9is en el d\u00eda &#8216;oficial&#8217;, este lunes es 14 de febrero, San Valent\u00edn. As\u00ed que para muchas parejas es la fecha para tener un detalle, del tipo que sea. Porque no s\u00f3lo tiene que ser una sorpresa [&hellip;]<\/p>\n","protected":false},"author":24,"featured_media":0,"comment_status":"open","ping_status":"open","sticky":false,"template":"","format":"standard","meta":[],"categories":[7,8],"tags":[4755,4754,3191,3203,4753,3308],"_links":{"self":[{"href":"https:\/\/blogs.diariosur.es\/-que-le-compro-\/wp-json\/wp\/v2\/posts\/5816"}],"collection":[{"href":"https:\/\/blogs.diariosur.es\/-que-le-compro-\/wp-json\/wp\/v2\/posts"}],"about":[{"href":"https:\/\/blogs.diariosur.es\/-que-le-compro-\/wp-json\/wp\/v2\/types\/post"}],"author":[{"embeddable":true,"href":"https:\/\/blogs.diariosur.es\/-que-le-compro-\/wp-json\/wp\/v2\/users\/24"}],"replies":[{"embeddable":true,"href":"https:\/\/blogs.diariosur.es\/-que-le-compro-\/wp-json\/wp\/v2\/comments?post=5816"}],"version-history":[{"count":3,"href":"https:\/\/blogs.diariosur.es\/-que-le-compro-\/wp-json\/wp\/v2\/posts\/5816\/revisions"}],"predecessor-version":[{"id":5820,"href":"https:\/\/blogs.diariosur.es\/-que-le-compro-\/wp-json\/wp\/v2\/posts\/5816\/revisions\/5820"}],"wp:attachment":[{"href":"https:\/\/blogs.diariosur.es\/-que-le-compro-\/wp-json\/wp\/v2\/media?parent=5816"}],"wp:term":[{"taxonomy":"category","embeddable":true,"href":"https:\/\/blogs.diariosur.es\/-que-le-compro-\/wp-json\/wp\/v2\/categories?post=5816"},{"taxonomy":"post_tag","embeddable":true,"href":"https:\/\/blogs.diariosur.es\/-que-le-compro-\/wp-json\/wp\/v2\/tags?post=5816"}],"curies":[{"name":"wp","href":"https:\/\/api.w.org\/{rel}","templated":true}]}}