{"id":5825,"date":"2022-02-17T13:58:29","date_gmt":"2022-02-17T12:58:29","guid":{"rendered":"https:\/\/blogs.diariosur.es\/-que-le-compro-\/?p=5825"},"modified":"2022-02-17T13:58:29","modified_gmt":"2022-02-17T12:58:29","slug":"frikimarket-huelin-mercadillos-malaga-febrero","status":"publish","type":"post","link":"https:\/\/blogs.diariosur.es\/-que-le-compro-\/2022\/02\/17\/frikimarket-huelin-mercadillos-malaga-febrero\/","title":{"rendered":"FrikiMarket, Huelin y m\u00e1s mercadillos en M\u00e1laga"},"content":{"rendered":"<p>\u00a1Ya est\u00e1 aqu\u00ed el fin de semana! Y con \u00e9l llega una nueva agenda de mercadillos artesanales en M\u00e1laga. Para empezar, el s\u00e1bado habr\u00e1 una nueva edici\u00f3n del mercadillo de\u00a0<strong>Centro Plaza <\/strong>en Nueva Andaluc\u00eda (Marbella) de 10 a 14.30 horas y en el edificio Ocio del parque comercial M\u00e1laga Nostrum se celebrar\u00e1, como cada tercer s\u00e1bado del mes, el <strong>Friki Market.<\/strong> All\u00ed se puede encontrar de 12 a 22 horas distintos art\u00edculos artesanales y merchandising de tus series, pel\u00edculas y juegos preferidos.<\/p>\n<p>Los <strong>eco-mercados<\/strong> de la asociaci\u00f3n Guadalhorce Ecol\u00f3gico de este fin de semana se concentrar\u00e1n en la Avenida de Espa\u00f1a, en el Pinar Elviria (Marbella) este s\u00e1bado y el domingo en el recinto ferial de Benalm\u00e1dena, junto al parque de La Paloma.<\/p>\n<p>Adem\u00e1s, este domingo ser\u00e1 la edici\u00f3n de febrero del <strong>Mercado del Mar<\/strong>, en el paseo mar\u00edtimo Antonio Banderas, en Huelin, de\u00a011 a 19 horas, mientras que el Zoco Maravilla en Muelle Uno acabar\u00e1 una hora antes.<\/p>\n<div id=\"attachment_5826\" style=\"width: 1034px\" class=\"wp-caption aligncenter\"><a href=\"https:\/\/static-blogs.diariosur.es\/wp-content\/uploads\/sites\/19\/2022\/02\/mafalda2.jpg\"><img aria-describedby=\"caption-attachment-5826\" loading=\"lazy\" class=\"wp-image-5826 size-large\" src=\"https:\/\/static-blogs.diariosur.es\/wp-content\/uploads\/sites\/19\/2022\/02\/mafalda2-1024x550.jpg\" alt=\"\" width=\"1024\" height=\"550\" srcset=\"https:\/\/static-blogs.diariosur.es\/wp-content\/uploads\/sites\/19\/2022\/02\/mafalda2-1024x550.jpg 1024w, https:\/\/static-blogs.diariosur.es\/wp-content\/uploads\/sites\/19\/2022\/02\/mafalda2-300x161.jpg 300w, https:\/\/static-blogs.diariosur.es\/wp-content\/uploads\/sites\/19\/2022\/02\/mafalda2-768x413.jpg 768w, https:\/\/static-blogs.diariosur.es\/wp-content\/uploads\/sites\/19\/2022\/02\/mafalda2.jpg 1374w\" sizes=\"(max-width: 1024px) 100vw, 1024px\" \/><\/a><p id=\"caption-attachment-5826\" class=\"wp-caption-text\">Artesan\u00eda en el Mercado del Mar, en Huelin<\/p><\/div>\n<p>\u00a1Buen fin de semana!<\/p>\n","protected":false},"excerpt":{"rendered":"<p>\u00a1Ya est\u00e1 aqu\u00ed el fin de semana! Y con \u00e9l llega una nueva agenda de mercadillos artesanales en M\u00e1laga. Para empezar, el s\u00e1bado habr\u00e1 una nueva edici\u00f3n del mercadillo de\u00a0Centro Plaza en Nueva Andaluc\u00eda (Marbella) de 10 a 14.30 horas y en el edificio Ocio del parque comercial M\u00e1laga Nostrum se celebrar\u00e1, como cada tercer [&hellip;]<\/p>\n","protected":false},"author":24,"featured_media":0,"comment_status":"open","ping_status":"open","sticky":false,"template":"","format":"standard","meta":[],"categories":[3,4,7],"tags":[4756,4757,4709,4758,2253,4705,2825],"_links":{"self":[{"href":"https:\/\/blogs.diariosur.es\/-que-le-compro-\/wp-json\/wp\/v2\/posts\/5825"}],"collection":[{"href":"https:\/\/blogs.diariosur.es\/-que-le-compro-\/wp-json\/wp\/v2\/posts"}],"about":[{"href":"https:\/\/blogs.diariosur.es\/-que-le-compro-\/wp-json\/wp\/v2\/types\/post"}],"author":[{"embeddable":true,"href":"https:\/\/blogs.diariosur.es\/-que-le-compro-\/wp-json\/wp\/v2\/users\/24"}],"replies":[{"embeddable":true,"href":"https:\/\/blogs.diariosur.es\/-que-le-compro-\/wp-json\/wp\/v2\/comments?post=5825"}],"version-history":[{"count":1,"href":"https:\/\/blogs.diariosur.es\/-que-le-compro-\/wp-json\/wp\/v2\/posts\/5825\/revisions"}],"predecessor-version":[{"id":5827,"href":"https:\/\/blogs.diariosur.es\/-que-le-compro-\/wp-json\/wp\/v2\/posts\/5825\/revisions\/5827"}],"wp:attachment":[{"href":"https:\/\/blogs.diariosur.es\/-que-le-compro-\/wp-json\/wp\/v2\/media?parent=5825"}],"wp:term":[{"taxonomy":"category","embeddable":true,"href":"https:\/\/blogs.diariosur.es\/-que-le-compro-\/wp-json\/wp\/v2\/categories?post=5825"},{"taxonomy":"post_tag","embeddable":true,"href":"https:\/\/blogs.diariosur.es\/-que-le-compro-\/wp-json\/wp\/v2\/tags?post=5825"}],"curies":[{"name":"wp","href":"https:\/\/api.w.org\/{rel}","templated":true}]}}