{"id":5839,"date":"2022-03-01T20:25:46","date_gmt":"2022-03-01T19:25:46","guid":{"rendered":"https:\/\/blogs.diariosur.es\/-que-le-compro-\/?p=5839"},"modified":"2022-03-01T20:26:16","modified_gmt":"2022-03-01T19:26:16","slug":"tiendas-disfraces-carnaval-malaga","status":"publish","type":"post","link":"https:\/\/blogs.diariosur.es\/-que-le-compro-\/2022\/03\/01\/tiendas-disfraces-carnaval-malaga\/","title":{"rendered":"Tiendas e ideas para comprar disfraces de Carnaval en M\u00e1laga"},"content":{"rendered":"<p>Ya es Carnaval en M\u00e1laga. La fiestas ya est\u00e1 en la calle una vez que ha terminado el concurso de agrupaciones de canto. As\u00ed que toca dejar la verg\u00fcenza a un lado y buscarse un vestuario acorde a esta celebraci\u00f3n. Si busc\u00e1is disfraces y\/o complementos, en M\u00e1laga hay mucho donde elegir. Sin duda, uno de los m\u00e1s veteranos y visita fija en estas fechas es Carrasquilla, junto al otro gran &#8216;cl\u00e1sico&#8217; es Almacenes Moyano (en la calle Veracruz del pol\u00edgono industrial San Luis), que cuenta con un amplio surtido para mayores y peque\u00f1os.<\/p>\n<p>Tambi\u00e9n tienen propuestas curiosas, especialmente para los ni\u00f1os, Juguetes Mabel o Juguetes Carri\u00f3n.\u00a0Por supuesto, Toys R Us, Dunnes Stores y franquicias como Imaginarium, Eureka Kids o Juguetilandia, por ejemplo, tambi\u00e9n son puntos recomendados a tener en cuenta con presencia no solo en la capital sino tambi\u00e9n en la provincia.<\/p>\n<p>Por supuesto, El Corte Ingl\u00e9s, Carrefour, Eroski o Lidl se apuntan a esta fiesta, en la que lo importante, m\u00e1s all\u00e1 de las modas (porque los cl\u00e1sicos nunca pasan de moda) es el buen humor y la imaginaci\u00f3n. \u00a1A disfrutar de la fiesta!<\/p>\n<div id=\"attachment_5840\" style=\"width: 810px\" class=\"wp-caption aligncenter\"><a href=\"https:\/\/static-blogs.diariosur.es\/wp-content\/uploads\/sites\/19\/2022\/03\/carnaval-coruna.jpg\"><img aria-describedby=\"caption-attachment-5840\" loading=\"lazy\" class=\"size-full wp-image-5840\" src=\"https:\/\/static-blogs.diariosur.es\/wp-content\/uploads\/sites\/19\/2022\/03\/carnaval-coruna.jpg\" alt=\"\" width=\"800\" height=\"532\" srcset=\"https:\/\/static-blogs.diariosur.es\/wp-content\/uploads\/sites\/19\/2022\/03\/carnaval-coruna.jpg 800w, https:\/\/static-blogs.diariosur.es\/wp-content\/uploads\/sites\/19\/2022\/03\/carnaval-coruna-300x200.jpg 300w, https:\/\/static-blogs.diariosur.es\/wp-content\/uploads\/sites\/19\/2022\/03\/carnaval-coruna-768x511.jpg 768w\" sizes=\"(max-width: 800px) 100vw, 800px\" \/><\/a><p id=\"caption-attachment-5840\" class=\"wp-caption-text\">Un disfraz participante en la Fiesta Choqueira, en el Carnaval de La Coru\u00f1a. :: E. P.<\/p><\/div>\n","protected":false},"excerpt":{"rendered":"<p>Ya es Carnaval en M\u00e1laga. La fiestas ya est\u00e1 en la calle una vez que ha terminado el concurso de agrupaciones de canto. As\u00ed que toca dejar la verg\u00fcenza a un lado y buscarse un vestuario acorde a esta celebraci\u00f3n. Si busc\u00e1is disfraces y\/o complementos, en M\u00e1laga hay mucho donde elegir. Sin duda, uno de [&hellip;]<\/p>\n","protected":false},"author":24,"featured_media":0,"comment_status":"open","ping_status":"open","sticky":false,"template":"","format":"standard","meta":[],"categories":[2,3,7,8],"tags":[4768,1140,3647],"_links":{"self":[{"href":"https:\/\/blogs.diariosur.es\/-que-le-compro-\/wp-json\/wp\/v2\/posts\/5839"}],"collection":[{"href":"https:\/\/blogs.diariosur.es\/-que-le-compro-\/wp-json\/wp\/v2\/posts"}],"about":[{"href":"https:\/\/blogs.diariosur.es\/-que-le-compro-\/wp-json\/wp\/v2\/types\/post"}],"author":[{"embeddable":true,"href":"https:\/\/blogs.diariosur.es\/-que-le-compro-\/wp-json\/wp\/v2\/users\/24"}],"replies":[{"embeddable":true,"href":"https:\/\/blogs.diariosur.es\/-que-le-compro-\/wp-json\/wp\/v2\/comments?post=5839"}],"version-history":[{"count":2,"href":"https:\/\/blogs.diariosur.es\/-que-le-compro-\/wp-json\/wp\/v2\/posts\/5839\/revisions"}],"predecessor-version":[{"id":5842,"href":"https:\/\/blogs.diariosur.es\/-que-le-compro-\/wp-json\/wp\/v2\/posts\/5839\/revisions\/5842"}],"wp:attachment":[{"href":"https:\/\/blogs.diariosur.es\/-que-le-compro-\/wp-json\/wp\/v2\/media?parent=5839"}],"wp:term":[{"taxonomy":"category","embeddable":true,"href":"https:\/\/blogs.diariosur.es\/-que-le-compro-\/wp-json\/wp\/v2\/categories?post=5839"},{"taxonomy":"post_tag","embeddable":true,"href":"https:\/\/blogs.diariosur.es\/-que-le-compro-\/wp-json\/wp\/v2\/tags?post=5839"}],"curies":[{"name":"wp","href":"https:\/\/api.w.org\/{rel}","templated":true}]}}