{"id":5843,"date":"2022-03-02T23:53:21","date_gmt":"2022-03-02T22:53:21","guid":{"rendered":"https:\/\/blogs.diariosur.es\/-que-le-compro-\/?p=5843"},"modified":"2022-03-03T18:50:01","modified_gmt":"2022-03-03T17:50:01","slug":"mercadillos-playmobil-termica-genalguacil","status":"publish","type":"post","link":"https:\/\/blogs.diariosur.es\/-que-le-compro-\/2022\/03\/02\/mercadillos-playmobil-termica-genalguacil\/","title":{"rendered":"RED Friday, Playmobil y muchos m\u00e1s mercadillos en M\u00e1laga"},"content":{"rendered":"<p>Para que se note que es el primero del mes, la agenda de mercadillos de este fin de semana en M\u00e1laga es de las cargadas de verdad. Para empezar, ya este viernes hay una cita destacada: el\u00a0<strong>RED Friday de La T\u00e9rmica<\/strong>, que ocupar\u00e1 las galer\u00edas de la planta baja de La T\u00e9rmica desde las 18.00 hasta las 00.00 horas y que estar\u00e1 acompa\u00f1ado, como es\u00a0 habitual, de varias actividades enmarcadas dentro de esta jornada cultural nocturna.<\/p>\n<p>El s\u00e1bado\u00a0<strong>Genalguacil\u00a0<\/strong>celebrar\u00e1 en la plaza una nueva edici\u00f3n de su mercado agroartesanal de 12 a 18 horas mientras que en la capital los seguidores de <strong>Playmobil<\/strong> tienen su cita mensual en la planta baja del\u00a0edificio de Ocio del M\u00e1laga Factory donde se podr\u00e1n encontrar los expositores del Mercadillo de los Clicks, que se celebrar\u00e1 de 10 a 21 horas.<\/p>\n<p>Para completar, el domingo habr\u00e1 un zoco artesanal en Ardales dentro de las actividades de su Fiesta de la Matanza; se desplegar\u00e1 en el Centro\u00a0<strong>La Merced &amp; Co,\u00a0<\/strong>que podr\u00e1 visitarse de once de la ma\u00f1ana a siete de la tarde y\u00a0en Muelle Uno habr\u00e1 <strong>Zoco Maravilla<\/strong>\u00a0de 11 a 18 horas que se celebrar\u00e1 de manera paralela al Mercado de Primavera, abierto diariamente hasta el pr\u00f3ximo 9 de mayo.<\/p>\n<p>\u00a1Buen fin de semana!<\/p>\n<div id=\"attachment_5844\" style=\"width: 810px\" class=\"wp-caption aligncenter\"><a href=\"https:\/\/static-blogs.diariosur.es\/wp-content\/uploads\/sites\/19\/2022\/03\/carteras-merced.jpg\"><img aria-describedby=\"caption-attachment-5844\" loading=\"lazy\" class=\"size-full wp-image-5844\" src=\"https:\/\/static-blogs.diariosur.es\/wp-content\/uploads\/sites\/19\/2022\/03\/carteras-merced.jpg\" alt=\"\" width=\"800\" height=\"800\" srcset=\"https:\/\/static-blogs.diariosur.es\/wp-content\/uploads\/sites\/19\/2022\/03\/carteras-merced.jpg 800w, https:\/\/static-blogs.diariosur.es\/wp-content\/uploads\/sites\/19\/2022\/03\/carteras-merced-150x150.jpg 150w, https:\/\/static-blogs.diariosur.es\/wp-content\/uploads\/sites\/19\/2022\/03\/carteras-merced-300x300.jpg 300w, https:\/\/static-blogs.diariosur.es\/wp-content\/uploads\/sites\/19\/2022\/03\/carteras-merced-768x768.jpg 768w\" sizes=\"(max-width: 800px) 100vw, 800px\" \/><\/a><p id=\"caption-attachment-5844\" class=\"wp-caption-text\">Artesan\u00eda en La Merced &amp; Co este domingo<\/p><\/div>\n","protected":false},"excerpt":{"rendered":"<p>Para que se note que es el primero del mes, la agenda de mercadillos de este fin de semana en M\u00e1laga es de las cargadas de verdad. Para empezar, ya este viernes hay una cita destacada: el\u00a0RED Friday de La T\u00e9rmica, que ocupar\u00e1 las galer\u00edas de la planta baja de La T\u00e9rmica desde las 18.00 [&hellip;]<\/p>\n","protected":false},"author":24,"featured_media":0,"comment_status":"open","ping_status":"open","sticky":false,"template":"","format":"standard","meta":[],"categories":[2,3,4],"tags":[4699,4769,4771,3994,4398,4770,3972,4697],"_links":{"self":[{"href":"https:\/\/blogs.diariosur.es\/-que-le-compro-\/wp-json\/wp\/v2\/posts\/5843"}],"collection":[{"href":"https:\/\/blogs.diariosur.es\/-que-le-compro-\/wp-json\/wp\/v2\/posts"}],"about":[{"href":"https:\/\/blogs.diariosur.es\/-que-le-compro-\/wp-json\/wp\/v2\/types\/post"}],"author":[{"embeddable":true,"href":"https:\/\/blogs.diariosur.es\/-que-le-compro-\/wp-json\/wp\/v2\/users\/24"}],"replies":[{"embeddable":true,"href":"https:\/\/blogs.diariosur.es\/-que-le-compro-\/wp-json\/wp\/v2\/comments?post=5843"}],"version-history":[{"count":3,"href":"https:\/\/blogs.diariosur.es\/-que-le-compro-\/wp-json\/wp\/v2\/posts\/5843\/revisions"}],"predecessor-version":[{"id":5847,"href":"https:\/\/blogs.diariosur.es\/-que-le-compro-\/wp-json\/wp\/v2\/posts\/5843\/revisions\/5847"}],"wp:attachment":[{"href":"https:\/\/blogs.diariosur.es\/-que-le-compro-\/wp-json\/wp\/v2\/media?parent=5843"}],"wp:term":[{"taxonomy":"category","embeddable":true,"href":"https:\/\/blogs.diariosur.es\/-que-le-compro-\/wp-json\/wp\/v2\/categories?post=5843"},{"taxonomy":"post_tag","embeddable":true,"href":"https:\/\/blogs.diariosur.es\/-que-le-compro-\/wp-json\/wp\/v2\/tags?post=5843"}],"curies":[{"name":"wp","href":"https:\/\/api.w.org\/{rel}","templated":true}]}}