{"id":5853,"date":"2022-03-09T17:31:55","date_gmt":"2022-03-09T16:31:55","guid":{"rendered":"https:\/\/blogs.diariosur.es\/-que-le-compro-\/?p=5853"},"modified":"2022-03-11T16:18:54","modified_gmt":"2022-03-11T15:18:54","slug":"mercadillos-malaga-artesania-gastronomia","status":"publish","type":"post","link":"https:\/\/blogs.diariosur.es\/-que-le-compro-\/2022\/03\/09\/mercadillos-malaga-artesania-gastronomia\/","title":{"rendered":"Moda y gastronom\u00eda en los mercadillos del fin de semana"},"content":{"rendered":"<p>Apunta, que la agenda de mercadillos de este fin de semana en M\u00e1laga pinta muy bien tambi\u00e9n. Por un lado, El<strong> Paseo Market<\/strong>\u00a0iba a hacer doblete en La Malagueta, pero la sesi\u00f3n del domingo se ha cancelado por la previsi\u00f3n de lluvia. Tranquilos que sigue en pie la del s\u00e1bado, as\u00ed que de 11 a 19 horas el paseo mar\u00edtimo Ciudad de Melilla reunir\u00e1 decenas de expositores con artesan\u00eda, moda, complementos, gastronom\u00eda\u2026<\/p>\n<p>Tambi\u00e9n el s\u00e1bado, pero en Nueva Andaluc\u00eda (Marbella) habr\u00e1 una nueva edici\u00f3n del mercadillo de\u00a0<strong>Centro Plaza<\/strong>, que se desarrollar\u00e1 de 10 a 14.30 horas en la Avenida Manolete 1 y os recuerdo que hasta el 9 de mayo puede visitarse en <strong>Muelle Uno<\/strong> todos los d\u00edas el Mercado de Primavera de 10 a 22 horas. El domingo <strong>La Temporal<\/strong> vuelve a celebrar una pop up, que en esta ocasi\u00f3n ser\u00e1 en\u00a0el restaurante Hibisco, en calle Olmos, desde las 12 hasta las 19 horas, con entrada gratuita mientras que de 11 a 18 horas ser\u00e1 el horario de la nueva edici\u00f3n del zoco Maravilla en Muelle Uno.<\/p>\n<p>Y adem\u00e1s de artesan\u00eda o moda, los que busqu\u00e9is algo para la alacena ten\u00e9is el s\u00e1bado una cita en La Malagueta, donde\u00a0la\u00a0 asociaci\u00f3n\u00a0<strong>Guadalhorce Ecol\u00f3gico<\/strong>\u00a0instalar\u00e1 su ecomercado en el paseo de Reding, junto a la plaza de toros, de 10 a 14 horas y el domingo en Torre del Mar, donde en el paseo de Larios se celebrar\u00e1 el d\u00e9cimo <strong>Mercado de Queso<\/strong> Artesano de Cabra Malague\u00f1a y Vino de la Axarqu\u00eda, de diez de la ma\u00f1ana a seis de la tarde.<\/p>\n<p>\u00a1Buen fin de semana!<\/p>\n<p><a href=\"https:\/\/static-blogs.diariosur.es\/wp-content\/uploads\/sites\/19\/2022\/03\/cuadro.jpg\"><img loading=\"lazy\" class=\"aligncenter size-full wp-image-5854\" src=\"https:\/\/static-blogs.diariosur.es\/wp-content\/uploads\/sites\/19\/2022\/03\/cuadro.jpg\" alt=\"\" width=\"569\" height=\"559\" srcset=\"https:\/\/static-blogs.diariosur.es\/wp-content\/uploads\/sites\/19\/2022\/03\/cuadro.jpg 569w, https:\/\/static-blogs.diariosur.es\/wp-content\/uploads\/sites\/19\/2022\/03\/cuadro-300x295.jpg 300w\" sizes=\"(max-width: 569px) 100vw, 569px\" \/><\/a><\/p>\n<p>&nbsp;<\/p>\n<h1 class=\"voc-title\"><\/h1>\n","protected":false},"excerpt":{"rendered":"<p>Apunta, que la agenda de mercadillos de este fin de semana en M\u00e1laga pinta muy bien tambi\u00e9n. Por un lado, El Paseo Market\u00a0iba a hacer doblete en La Malagueta, pero la sesi\u00f3n del domingo se ha cancelado por la previsi\u00f3n de lluvia. Tranquilos que sigue en pie la del s\u00e1bado, as\u00ed que de 11 a [&hellip;]<\/p>\n","protected":false},"author":24,"featured_media":0,"comment_status":"open","ping_status":"open","sticky":false,"template":"","format":"standard","meta":[],"categories":[3,4],"tags":[311,4569,1219,1863,4519,2559,4776,4777],"_links":{"self":[{"href":"https:\/\/blogs.diariosur.es\/-que-le-compro-\/wp-json\/wp\/v2\/posts\/5853"}],"collection":[{"href":"https:\/\/blogs.diariosur.es\/-que-le-compro-\/wp-json\/wp\/v2\/posts"}],"about":[{"href":"https:\/\/blogs.diariosur.es\/-que-le-compro-\/wp-json\/wp\/v2\/types\/post"}],"author":[{"embeddable":true,"href":"https:\/\/blogs.diariosur.es\/-que-le-compro-\/wp-json\/wp\/v2\/users\/24"}],"replies":[{"embeddable":true,"href":"https:\/\/blogs.diariosur.es\/-que-le-compro-\/wp-json\/wp\/v2\/comments?post=5853"}],"version-history":[{"count":3,"href":"https:\/\/blogs.diariosur.es\/-que-le-compro-\/wp-json\/wp\/v2\/posts\/5853\/revisions"}],"predecessor-version":[{"id":5857,"href":"https:\/\/blogs.diariosur.es\/-que-le-compro-\/wp-json\/wp\/v2\/posts\/5853\/revisions\/5857"}],"wp:attachment":[{"href":"https:\/\/blogs.diariosur.es\/-que-le-compro-\/wp-json\/wp\/v2\/media?parent=5853"}],"wp:term":[{"taxonomy":"category","embeddable":true,"href":"https:\/\/blogs.diariosur.es\/-que-le-compro-\/wp-json\/wp\/v2\/categories?post=5853"},{"taxonomy":"post_tag","embeddable":true,"href":"https:\/\/blogs.diariosur.es\/-que-le-compro-\/wp-json\/wp\/v2\/tags?post=5853"}],"curies":[{"name":"wp","href":"https:\/\/api.w.org\/{rel}","templated":true}]}}