{"id":5859,"date":"2022-03-16T19:03:50","date_gmt":"2022-03-16T18:03:50","guid":{"rendered":"https:\/\/blogs.diariosur.es\/-que-le-compro-\/?p=5859"},"modified":"2022-03-19T19:53:46","modified_gmt":"2022-03-19T18:53:46","slug":"mercadillos-friki-ecologicos-malaga","status":"publish","type":"post","link":"https:\/\/blogs.diariosur.es\/-que-le-compro-\/2022\/03\/16\/mercadillos-friki-ecologicos-malaga\/","title":{"rendered":"Doblete en el Centro, regreso en Torremolinos y m\u00e1s mercadillos"},"content":{"rendered":"<p>Ya que la lluvia trastoc\u00f3 los planes, Cats Markets vuelve este fin de semana con <strong>La Merced &amp; Co<\/strong> por partida doble (si el tiempo no lo impide) y reunir\u00e1n en sus expositores a creadores locales tanto el s\u00e1bado como el domingo de 11 a 19 horas con mucha moda, artesan\u00eda, complementos&#8230;<\/p>\n<p>Y el s\u00e1bado en la planta baja y la alta del edificio de Ocio del M\u00e1laga Nostrum llegar\u00e1 el <strong>Friki Market<\/strong>, con merchandising y art\u00edculos de distinto tipo de pel\u00edculas y c\u00f3mics inolvidables durante todo el d\u00eda.\u00a0Tambi\u00e9n el d\u00eda 19, pero en Nueva Andaluc\u00eda (Marbella) habr\u00e1 una nueva edici\u00f3n del mercadillo de\u00a0<strong>Centro Plaza<\/strong>, que se desarrollar\u00e1 de 10 a 14.30 horas en la Avenida Manolete 1. Y ya que estamos en la provincia, este s\u00e1bado con motivo de la celebraci\u00f3n del D\u00eda de la Tagarnina en <strong>Villanueva del Rosario<\/strong> habr\u00e1 un mercado de productos locales en la plaza de Espa\u00f1a, mientras que los <strong>ecomercados<\/strong> de Guadalhorce Ecol\u00f3gico estar\u00e1n este s\u00e1bado en la Avenida de Espa\u00f1a del Pinar de Elviria (Marbella) y el domingo en el recinto ferial junto al parque de La Paloma de Benalm\u00e1dena.<\/p>\n<p>Y una buena noticia, vuelve a <strong>Torremolinos<\/strong> el mercado artesanal organizado por la asociaci\u00f3n Atenea. A partir de ahora tomar\u00e1 todos los s\u00e1bados de 10 a 15 horas la avenida peatonal Palma de Mallorca para mostrar el trabajo de creativos y dise\u00f1adores locales.<\/p>\n<p>El domingo en el paseo mar\u00edtimo Antonio Banderas, en la capital, estaba previsto que de 11 a 19 horas se celebrara de nuevo el <strong>Mercado del Mar<\/strong> , pero ante la previsi\u00f3n meteorol\u00f3gica se ha anulado.<\/p>\n<p>Para completar, os recuerdo que hasta el 9 de mayo puede visitarse en\u00a0<strong>Muelle Uno<\/strong>\u00a0todos los d\u00edas el Mercado de Primavera de 10 a 22 horas al que este domingo se le une una nueva edici\u00f3n del Zoco Maravilla de 11 a 19 horas.<\/p>\n<p>\u00a1Buen fin de semana!<\/p>\n<div id=\"attachment_5861\" style=\"width: 610px\" class=\"wp-caption aligncenter\"><a href=\"https:\/\/static-blogs.diariosur.es\/wp-content\/uploads\/sites\/19\/2022\/03\/artesania-merced2.jpg\"><img aria-describedby=\"caption-attachment-5861\" loading=\"lazy\" class=\"size-full wp-image-5861\" src=\"https:\/\/static-blogs.diariosur.es\/wp-content\/uploads\/sites\/19\/2022\/03\/artesania-merced2.jpg\" alt=\"\" width=\"600\" height=\"600\" srcset=\"https:\/\/static-blogs.diariosur.es\/wp-content\/uploads\/sites\/19\/2022\/03\/artesania-merced2.jpg 600w, https:\/\/static-blogs.diariosur.es\/wp-content\/uploads\/sites\/19\/2022\/03\/artesania-merced2-150x150.jpg 150w, https:\/\/static-blogs.diariosur.es\/wp-content\/uploads\/sites\/19\/2022\/03\/artesania-merced2-300x300.jpg 300w\" sizes=\"(max-width: 600px) 100vw, 600px\" \/><\/a><p id=\"caption-attachment-5861\" class=\"wp-caption-text\">Artesan\u00eda en la plaza de la Merced este fin de semana<\/p><\/div>\n","protected":false},"excerpt":{"rendered":"<p>Ya que la lluvia trastoc\u00f3 los planes, Cats Markets vuelve este fin de semana con La Merced &amp; Co por partida doble (si el tiempo no lo impide) y reunir\u00e1n en sus expositores a creadores locales tanto el s\u00e1bado como el domingo de 11 a 19 horas con mucha moda, artesan\u00eda, complementos&#8230; Y el s\u00e1bado [&hellip;]<\/p>\n","protected":false},"author":24,"featured_media":0,"comment_status":"open","ping_status":"open","sticky":false,"template":"","format":"standard","meta":[],"categories":[3,6,7],"tags":[4390,4688,4569,4709,2253,4207,4778,4398,4697],"_links":{"self":[{"href":"https:\/\/blogs.diariosur.es\/-que-le-compro-\/wp-json\/wp\/v2\/posts\/5859"}],"collection":[{"href":"https:\/\/blogs.diariosur.es\/-que-le-compro-\/wp-json\/wp\/v2\/posts"}],"about":[{"href":"https:\/\/blogs.diariosur.es\/-que-le-compro-\/wp-json\/wp\/v2\/types\/post"}],"author":[{"embeddable":true,"href":"https:\/\/blogs.diariosur.es\/-que-le-compro-\/wp-json\/wp\/v2\/users\/24"}],"replies":[{"embeddable":true,"href":"https:\/\/blogs.diariosur.es\/-que-le-compro-\/wp-json\/wp\/v2\/comments?post=5859"}],"version-history":[{"count":3,"href":"https:\/\/blogs.diariosur.es\/-que-le-compro-\/wp-json\/wp\/v2\/posts\/5859\/revisions"}],"predecessor-version":[{"id":5869,"href":"https:\/\/blogs.diariosur.es\/-que-le-compro-\/wp-json\/wp\/v2\/posts\/5859\/revisions\/5869"}],"wp:attachment":[{"href":"https:\/\/blogs.diariosur.es\/-que-le-compro-\/wp-json\/wp\/v2\/media?parent=5859"}],"wp:term":[{"taxonomy":"category","embeddable":true,"href":"https:\/\/blogs.diariosur.es\/-que-le-compro-\/wp-json\/wp\/v2\/categories?post=5859"},{"taxonomy":"post_tag","embeddable":true,"href":"https:\/\/blogs.diariosur.es\/-que-le-compro-\/wp-json\/wp\/v2\/tags?post=5859"}],"curies":[{"name":"wp","href":"https:\/\/api.w.org\/{rel}","templated":true}]}}