{"id":5863,"date":"2022-03-18T12:16:11","date_gmt":"2022-03-18T11:16:11","guid":{"rendered":"https:\/\/blogs.diariosur.es\/-que-le-compro-\/?p=5863"},"modified":"2022-03-18T12:19:23","modified_gmt":"2022-03-18T11:19:23","slug":"regalos-dia-padre-jose-pepas-19marzo","status":"publish","type":"post","link":"https:\/\/blogs.diariosur.es\/-que-le-compro-\/2022\/03\/18\/regalos-dia-padre-jose-pepas-19marzo\/","title":{"rendered":"Regalos para el d\u00eda del Padre, los Pepes y las Pepas"},"content":{"rendered":"<p>\u00bfQui\u00e9n no conoce a alguien o tiene un familiar que se llam\u00e9 Jos\u00e9 (algo), Pepa o Mar\u00eda Jos\u00e9? Pues este s\u00e1bado, 19 de marzo, toca acordarse de ellos especialmente y tambi\u00e9n de\u00a0 nuestros padres, ya que es su d\u00eda. As\u00ed que para los que quieran tener un detalle con ellos adem\u00e1s de felicitarlos, aqu\u00ed van algunas propuestas para obsequiar.<\/p>\n<p>Por ejemplo, si quer\u00e9is ropa pero algo m\u00e1s all\u00e1 aparte de lo t\u00edpico, puede ser una idea graciosa la colecci\u00f3n que ha lanzado Lefties, especialmente si es fan de los Simpson.<\/p>\n<div id=\"attachment_5864\" style=\"width: 512px\" class=\"wp-caption aligncenter\"><a href=\"https:\/\/static-blogs.diariosur.es\/wp-content\/uploads\/sites\/19\/2022\/03\/camiseta-simpson.jpg\"><img aria-describedby=\"caption-attachment-5864\" loading=\"lazy\" class=\"wp-image-5864 size-full\" src=\"https:\/\/static-blogs.diariosur.es\/wp-content\/uploads\/sites\/19\/2022\/03\/camiseta-simpson.jpg\" alt=\"\" width=\"502\" height=\"589\" srcset=\"https:\/\/static-blogs.diariosur.es\/wp-content\/uploads\/sites\/19\/2022\/03\/camiseta-simpson.jpg 502w, https:\/\/static-blogs.diariosur.es\/wp-content\/uploads\/sites\/19\/2022\/03\/camiseta-simpson-256x300.jpg 256w\" sizes=\"(max-width: 502px) 100vw, 502px\" \/><\/a><p id=\"caption-attachment-5864\" class=\"wp-caption-text\">Camiseta de Lefties de Homer Simpson con motivo del D\u00eda del Padre<\/p><\/div>\n<p>Por supuesto, corbatas, gemelos, jerseys, camisas son cl\u00e1sicos que nunca fallan y adem\u00e1s siempre vienen bien. Alg\u00fan gadget para el m\u00f3vil (o por qu\u00e9 no, un dispositivo nuevo) seguramente tambi\u00e9n ser\u00e1 un acierto as\u00ed como alg\u00fan art\u00edculo tecnol\u00f3gico como por ejemplo auriculares, smartwatch&#8230; Un libro o alg\u00fan complemento para hacer deporte son otros fijos &#8216;indispensables&#8217; de esta fecha&#8230; Y si es cocinitas o foodie, \u00bfqu\u00e9 tal un libro de recetas? O mejor a\u00fan, una cata de vinos (o de sushi) o una invitaci\u00f3n en alg\u00fan restaurante. Tambi\u00e9n vale una caja de experiencias, por supuesto, un perfume, una cartera (o bandolera), un reloj, una pulsera&#8230;<\/p>\n<p>Y aunque el 19 de marzo son protagonistas sobre todo ellos, tambi\u00e9n es el d\u00eda de las Mar\u00eda Jos\u00e9s, Josefas y Pepitas, as\u00ed que para ellas tambi\u00e9n puede ser una buena propuesta apostar por la moda y complementos, los libros, los perfumes, algo para mimarse (\u00bfqu\u00e9 tal por ejemplo una sesi\u00f3n de belleza o de spa, por ejemplo en pareja?) o igualmente una caja de experiencias o alg\u00fan gadget.<\/p>\n<p>Todo seguro que es bien recibido si se hace con cari\u00f1o: \u00a1Feliz d\u00eda papis, Pepes y Pepas!<\/p>\n<p>&nbsp;<\/p>\n","protected":false},"excerpt":{"rendered":"<p>\u00bfQui\u00e9n no conoce a alguien o tiene un familiar que se llam\u00e9 Jos\u00e9 (algo), Pepa o Mar\u00eda Jos\u00e9? Pues este s\u00e1bado, 19 de marzo, toca acordarse de ellos especialmente y tambi\u00e9n de\u00a0 nuestros padres, ya que es su d\u00eda. As\u00ed que para los que quieran tener un detalle con ellos adem\u00e1s de felicitarlos, aqu\u00ed van [&hellip;]<\/p>\n","protected":false},"author":24,"featured_media":0,"comment_status":"open","ping_status":"open","sticky":false,"template":"","format":"standard","meta":[],"categories":[6,7,8],"tags":[41,1102,3195,4779,3306],"_links":{"self":[{"href":"https:\/\/blogs.diariosur.es\/-que-le-compro-\/wp-json\/wp\/v2\/posts\/5863"}],"collection":[{"href":"https:\/\/blogs.diariosur.es\/-que-le-compro-\/wp-json\/wp\/v2\/posts"}],"about":[{"href":"https:\/\/blogs.diariosur.es\/-que-le-compro-\/wp-json\/wp\/v2\/types\/post"}],"author":[{"embeddable":true,"href":"https:\/\/blogs.diariosur.es\/-que-le-compro-\/wp-json\/wp\/v2\/users\/24"}],"replies":[{"embeddable":true,"href":"https:\/\/blogs.diariosur.es\/-que-le-compro-\/wp-json\/wp\/v2\/comments?post=5863"}],"version-history":[{"count":3,"href":"https:\/\/blogs.diariosur.es\/-que-le-compro-\/wp-json\/wp\/v2\/posts\/5863\/revisions"}],"predecessor-version":[{"id":5867,"href":"https:\/\/blogs.diariosur.es\/-que-le-compro-\/wp-json\/wp\/v2\/posts\/5863\/revisions\/5867"}],"wp:attachment":[{"href":"https:\/\/blogs.diariosur.es\/-que-le-compro-\/wp-json\/wp\/v2\/media?parent=5863"}],"wp:term":[{"taxonomy":"category","embeddable":true,"href":"https:\/\/blogs.diariosur.es\/-que-le-compro-\/wp-json\/wp\/v2\/categories?post=5863"},{"taxonomy":"post_tag","embeddable":true,"href":"https:\/\/blogs.diariosur.es\/-que-le-compro-\/wp-json\/wp\/v2\/tags?post=5863"}],"curies":[{"name":"wp","href":"https:\/\/api.w.org\/{rel}","templated":true}]}}