{"id":5871,"date":"2022-03-24T15:54:27","date_gmt":"2022-03-24T14:54:27","guid":{"rendered":"https:\/\/blogs.diariosur.es\/-que-le-compro-\/?p=5871"},"modified":"2022-03-25T20:19:53","modified_gmt":"2022-03-25T19:19:53","slug":"mercadilos-malaga-marzo-final","status":"publish","type":"post","link":"https:\/\/blogs.diariosur.es\/-que-le-compro-\/2022\/03\/24\/mercadilos-malaga-marzo-final\/","title":{"rendered":"\u00daltimos mercadillos de marzo en M\u00e1laga"},"content":{"rendered":"<p>Si el tiempo lo permite, como esperamos, los mercadillos volver\u00e1n a M\u00e1laga este fin de semana. El\u00a0<strong>Soho Mercado Urbano <\/strong>\u00a0har\u00e1 doblete, as\u00ed que los expositores con moda, complementos, decoraci\u00f3n y mucho m\u00e1s tomar\u00e1n (salvo cambios de \u00faltima hora) la c\u00e9ntrica calle Tom\u00e1s Heredia, en el Soho, de once de la ma\u00f1ana a siete de la tarde tanto el s\u00e1bado como el domingo.<\/p>\n<p>Los\u00a0<strong>ecomercados<\/strong>\u00a0organizados por la asociaci\u00f3n Guadalhorce Ecol\u00f3gico se encontrar\u00e1n el s\u00e1bado en el parque Huelin, en M\u00e1laga capital, y el domingo en La Cala de Mijas, en el bulevar frente a la Alcald\u00eda. De 10 a 14 horas en ambos casos. Para este domingo estaba prevista la celebraci\u00f3n de un mercado artesanal de Alfarnate dentro de las actividades de <strong>Sakura Alfarnate<\/strong>,\u00a0 fiesta que celebrar\u00e1 la floraci\u00f3n de los cerezos, pero por la meteorolog\u00eda se ha decidido posponer al pr\u00f3ximo domingo, 3 de abril.<\/p>\n<p>Y ya sab\u00e9is que en Muelle Uno est\u00e1 instalado el\u00a0<strong>Mercado de Primavera<\/strong>, que podr\u00e1 visitarse todos los d\u00edas hasta el 9 de mayo. El horario es de 10 a 22 horas.<\/p>\n<p>\u00a1Buen fin de semana!<\/p>\n<div id=\"attachment_5872\" style=\"width: 602px\" class=\"wp-caption aligncenter\"><a href=\"https:\/\/static-blogs.diariosur.es\/wp-content\/uploads\/sites\/19\/2022\/03\/acuarelas.jpg\"><img aria-describedby=\"caption-attachment-5872\" loading=\"lazy\" class=\"size-full wp-image-5872\" src=\"https:\/\/static-blogs.diariosur.es\/wp-content\/uploads\/sites\/19\/2022\/03\/acuarelas.jpg\" alt=\"\" width=\"592\" height=\"485\" srcset=\"https:\/\/static-blogs.diariosur.es\/wp-content\/uploads\/sites\/19\/2022\/03\/acuarelas.jpg 592w, https:\/\/static-blogs.diariosur.es\/wp-content\/uploads\/sites\/19\/2022\/03\/acuarelas-300x246.jpg 300w\" sizes=\"(max-width: 592px) 100vw, 592px\" \/><\/a><p id=\"caption-attachment-5872\" class=\"wp-caption-text\">Artesan\u00eda en el Soho Mercado Urbano este fin de semana<\/p><\/div>\n","protected":false},"excerpt":{"rendered":"<p>Si el tiempo lo permite, como esperamos, los mercadillos volver\u00e1n a M\u00e1laga este fin de semana. El\u00a0Soho Mercado Urbano \u00a0har\u00e1 doblete, as\u00ed que los expositores con moda, complementos, decoraci\u00f3n y mucho m\u00e1s tomar\u00e1n (salvo cambios de \u00faltima hora) la c\u00e9ntrica calle Tom\u00e1s Heredia, en el Soho, de once de la ma\u00f1ana a siete de la [&hellip;]<\/p>\n","protected":false},"author":24,"featured_media":0,"comment_status":"open","ping_status":"open","sticky":false,"template":"","format":"standard","meta":[],"categories":[4,6],"tags":[4398,4780,4525],"_links":{"self":[{"href":"https:\/\/blogs.diariosur.es\/-que-le-compro-\/wp-json\/wp\/v2\/posts\/5871"}],"collection":[{"href":"https:\/\/blogs.diariosur.es\/-que-le-compro-\/wp-json\/wp\/v2\/posts"}],"about":[{"href":"https:\/\/blogs.diariosur.es\/-que-le-compro-\/wp-json\/wp\/v2\/types\/post"}],"author":[{"embeddable":true,"href":"https:\/\/blogs.diariosur.es\/-que-le-compro-\/wp-json\/wp\/v2\/users\/24"}],"replies":[{"embeddable":true,"href":"https:\/\/blogs.diariosur.es\/-que-le-compro-\/wp-json\/wp\/v2\/comments?post=5871"}],"version-history":[{"count":2,"href":"https:\/\/blogs.diariosur.es\/-que-le-compro-\/wp-json\/wp\/v2\/posts\/5871\/revisions"}],"predecessor-version":[{"id":5874,"href":"https:\/\/blogs.diariosur.es\/-que-le-compro-\/wp-json\/wp\/v2\/posts\/5871\/revisions\/5874"}],"wp:attachment":[{"href":"https:\/\/blogs.diariosur.es\/-que-le-compro-\/wp-json\/wp\/v2\/media?parent=5871"}],"wp:term":[{"taxonomy":"category","embeddable":true,"href":"https:\/\/blogs.diariosur.es\/-que-le-compro-\/wp-json\/wp\/v2\/categories?post=5871"},{"taxonomy":"post_tag","embeddable":true,"href":"https:\/\/blogs.diariosur.es\/-que-le-compro-\/wp-json\/wp\/v2\/tags?post=5871"}],"curies":[{"name":"wp","href":"https:\/\/api.w.org\/{rel}","templated":true}]}}