{"id":5875,"date":"2022-03-30T16:14:52","date_gmt":"2022-03-30T14:14:52","guid":{"rendered":"https:\/\/blogs.diariosur.es\/-que-le-compro-\/?p=5875"},"modified":"2022-04-02T17:37:02","modified_gmt":"2022-04-02T15:37:02","slug":"mercadillos-abril-malaga-2","status":"publish","type":"post","link":"https:\/\/blogs.diariosur.es\/-que-le-compro-\/2022\/03\/30\/mercadillos-abril-malaga-2\/","title":{"rendered":"Abril llega cargado de mercadillos en M\u00e1laga"},"content":{"rendered":"<p>Como suele ocurrir, el primer fin de semana del mes llega cargado de mercadillos artesanales en M\u00e1laga, y abril continuar\u00e1 esta tendencia.\u00a0 Para empezar, ya este viernes hay una cita destacada: el\u00a0<strong>RED Friday de La T\u00e9rmica<\/strong>, que ocupar\u00e1 las galer\u00edas de la planta baja de La T\u00e9rmica desde las 18.00 hasta las 00.00 horas y que estar\u00e1 acompa\u00f1ado, como es\u00a0 habitual, de varias actividades enmarcadas dentro de esta jornada cultural nocturna. En esta ocasi\u00f3n destaca como novedad el showroom de Taller Piccolo, una pareja de arquitectos dedicados al dise\u00f1o y construcci\u00f3n artesanal de muebles, bolsos y otros objetos. El viernes y tambi\u00e9n el s\u00e1bado el Convento de Santo Domingo acoger\u00e1 la VII <strong>Feria Outlet de Ronda<\/strong>, donde se podr\u00e1n encontrar distintos tipos de art\u00edculos con descuentos de hasta el 80%. Y los mismos d\u00edas vuelve a <strong>Plaza Mayor<\/strong> el Mercado de las Flores, que ofrecer\u00e1 talleres, charlas y expositores para visitar de distintas marcas durante todo el d\u00eda.<\/p>\n<p>El s\u00e1bado\u00a0<strong>Genalguacil\u00a0<\/strong>celebrar\u00e1 en la plaza una nueva edici\u00f3n de su mercado agroartesanal , organizado por la asociaci\u00f3n Genial Genal, de 12 a 18 horas donde se exhibir\u00e1n trabajos de\u00a0cer\u00e1mica, cester\u00eda, telas con estampados con tintes naturales, jabones naturales, joyer\u00eda en corcho y mucho m\u00e1s junto a productos ecol\u00f3gicos de los huertos cercanos y dulces caseros. Adem\u00e1s, actuar\u00e1 la cantautora turco-alemana Perin Dinekly y habr\u00e1 un taller de reposter\u00eda tradicional donde se los asistentes preparar\u00e1n y se podr\u00e1n llevar a casa roscos fritos. Y en <strong>Torremolinos,<\/strong> en la peatonal de la avenida Palma de Mallorca la Asociaci\u00f3n de Artesanas y Artesanos Atenea organiza su mercado artesanal de 10 a 15 horas.<\/p>\n<p>Por su parte, los seguidores de\u00a0<strong>Playmobil<\/strong>\u00a0tienen su cita mensual en la planta baja del\u00a0edificio de Ocio del M\u00e1laga Factory donde se podr\u00e1n encontrar los expositores del Mercadillo de los Clicks, que se celebrar\u00e1 de 10 a 21 horas. Y en el Palacio de Congresos de M\u00e1laga, dentro de las actividades de la feria <strong>Natura M\u00e1laga<\/strong> se podr\u00e1 encontrar una amplia zona de expositores para visitar y hacer compras. Se celebra del viernes al domingo, con un horario diferente cada d\u00eda: de 10 a 20 horas, de 11 a 20 y de 11 a 19, respectivamente.<\/p>\n<p>Y el domingo mucho m\u00e1s. Por ejemplo, los creadores reunidos por\u00a0<strong>La Merced &amp; Co\u00a0<\/strong>tomar\u00e1n la plaza de la Merced de once de la ma\u00f1ana a siete de la tarde y\u00a0en Muelle Uno habr\u00e1\u00a0<strong>Zoco Maravilla<\/strong>\u00a0de 11 a 18 horas que se celebrar\u00e1 de manera paralela al Mercado de Primavera, abierto diariamente hasta el pr\u00f3ximo 9 de mayo. Adem\u00e1s, la asociaci\u00f3n Horizonte Proyecto Hombre tomar\u00e1 el parque de la Alameda de <strong>Marbella<\/strong> por su Rastrillo ben\u00e9fico de primavera.<\/p>\n<p>\u00a1Buen fin de semana!<\/p>\n<div id=\"attachment_5876\" style=\"width: 810px\" class=\"wp-caption aligncenter\"><a href=\"https:\/\/static-blogs.diariosur.es\/wp-content\/uploads\/sites\/19\/2022\/03\/redfriday.jpg\"><img aria-describedby=\"caption-attachment-5876\" loading=\"lazy\" class=\"size-full wp-image-5876\" src=\"https:\/\/static-blogs.diariosur.es\/wp-content\/uploads\/sites\/19\/2022\/03\/redfriday.jpg\" alt=\"\" width=\"800\" height=\"533\" srcset=\"https:\/\/static-blogs.diariosur.es\/wp-content\/uploads\/sites\/19\/2022\/03\/redfriday.jpg 800w, https:\/\/static-blogs.diariosur.es\/wp-content\/uploads\/sites\/19\/2022\/03\/redfriday-300x200.jpg 300w, https:\/\/static-blogs.diariosur.es\/wp-content\/uploads\/sites\/19\/2022\/03\/redfriday-768x512.jpg 768w\" sizes=\"(max-width: 800px) 100vw, 800px\" \/><\/a><p id=\"caption-attachment-5876\" class=\"wp-caption-text\">Trabajos en un REDFriday anterior en La T\u00e9rmica<\/p><\/div>\n","protected":false},"excerpt":{"rendered":"<p>Como suele ocurrir, el primer fin de semana del mes llega cargado de mercadillos artesanales en M\u00e1laga, y abril continuar\u00e1 esta tendencia.\u00a0 Para empezar, ya este viernes hay una cita destacada: el\u00a0RED Friday de La T\u00e9rmica, que ocupar\u00e1 las galer\u00edas de la planta baja de La T\u00e9rmica desde las 18.00 hasta las 00.00 horas y [&hellip;]<\/p>\n","protected":false},"author":24,"featured_media":0,"comment_status":"open","ping_status":"open","sticky":false,"template":"","format":"standard","meta":[],"categories":[2,3,4,5,6],"tags":[4699,4784,4782,4092,4732,4785,4786,4783,2796,2825,4425,4781,4716],"_links":{"self":[{"href":"https:\/\/blogs.diariosur.es\/-que-le-compro-\/wp-json\/wp\/v2\/posts\/5875"}],"collection":[{"href":"https:\/\/blogs.diariosur.es\/-que-le-compro-\/wp-json\/wp\/v2\/posts"}],"about":[{"href":"https:\/\/blogs.diariosur.es\/-que-le-compro-\/wp-json\/wp\/v2\/types\/post"}],"author":[{"embeddable":true,"href":"https:\/\/blogs.diariosur.es\/-que-le-compro-\/wp-json\/wp\/v2\/users\/24"}],"replies":[{"embeddable":true,"href":"https:\/\/blogs.diariosur.es\/-que-le-compro-\/wp-json\/wp\/v2\/comments?post=5875"}],"version-history":[{"count":6,"href":"https:\/\/blogs.diariosur.es\/-que-le-compro-\/wp-json\/wp\/v2\/posts\/5875\/revisions"}],"predecessor-version":[{"id":5883,"href":"https:\/\/blogs.diariosur.es\/-que-le-compro-\/wp-json\/wp\/v2\/posts\/5875\/revisions\/5883"}],"wp:attachment":[{"href":"https:\/\/blogs.diariosur.es\/-que-le-compro-\/wp-json\/wp\/v2\/media?parent=5875"}],"wp:term":[{"taxonomy":"category","embeddable":true,"href":"https:\/\/blogs.diariosur.es\/-que-le-compro-\/wp-json\/wp\/v2\/categories?post=5875"},{"taxonomy":"post_tag","embeddable":true,"href":"https:\/\/blogs.diariosur.es\/-que-le-compro-\/wp-json\/wp\/v2\/tags?post=5875"}],"curies":[{"name":"wp","href":"https:\/\/api.w.org\/{rel}","templated":true}]}}