{"id":5917,"date":"2022-05-01T23:03:06","date_gmt":"2022-05-01T21:03:06","guid":{"rendered":"https:\/\/blogs.diariosur.es\/-que-le-compro-\/?p=5917"},"modified":"2022-05-05T13:16:59","modified_gmt":"2022-05-05T11:16:59","slug":"cudeca-tienda-vintage-malaga","status":"publish","type":"post","link":"https:\/\/blogs.diariosur.es\/-que-le-compro-\/2022\/05\/01\/cudeca-tienda-vintage-malaga\/","title":{"rendered":"Cudeca estrena tienda vintage en M\u00e1laga"},"content":{"rendered":"<p>Cudeca suma un miembro m\u00e1s a su amplia familia de tiendas ben\u00e9ficas. Y el nuevo va a ser especial, ya que se trata de la primera tienda vintage de esta asociaci\u00f3n. Est\u00e1 ubicada en pleno centro de M\u00e1laga, en la calle Salvago 3, y se iba a inaugurar el mi\u00e9rcoles 4 de mayo a las siete de la tarde, pero ante la previsi\u00f3n de lluvia el estreno se ha pospuesto al jueves 12 , a la misma hora.\u00a0Para celebrarlo, anuncian que habr\u00e1 m\u00fasica, descuentos especiales y otras sorpresas, adem\u00e1s de regalos.<\/p>\n<p>No obstante, la tienda ya est\u00e1 abierta al p\u00fablico de 10 a 13.30\u00a0 y de 17.30 a 20. 3o horas.<\/p>\n<p>Las tiendas, tanto las f\u00edsicas (est\u00e1n repartidas por buena parte de la provincia adem\u00e1s de la capital) como la online supone la principal v\u00eda de\u00a0 financiaci\u00f3n de esta entidad, que procura cuidados a pacientes con c\u00e1ncer y otras enfermedades.<\/p>\n<p>\u00a1Avisad@s qued\u00e1is!<\/p>\n<p><a href=\"https:\/\/static-blogs.diariosur.es\/wp-content\/uploads\/sites\/19\/2022\/05\/cudeca-vintage22.jpg\"><img loading=\"lazy\" class=\"aligncenter size-full wp-image-5919\" src=\"https:\/\/static-blogs.diariosur.es\/wp-content\/uploads\/sites\/19\/2022\/05\/cudeca-vintage22.jpg\" alt=\"\" width=\"600\" height=\"562\" srcset=\"https:\/\/static-blogs.diariosur.es\/wp-content\/uploads\/sites\/19\/2022\/05\/cudeca-vintage22.jpg 600w, https:\/\/static-blogs.diariosur.es\/wp-content\/uploads\/sites\/19\/2022\/05\/cudeca-vintage22-300x281.jpg 300w\" sizes=\"(max-width: 600px) 100vw, 600px\" \/><\/a><\/p>\n","protected":false},"excerpt":{"rendered":"<p>Cudeca suma un miembro m\u00e1s a su amplia familia de tiendas ben\u00e9ficas. Y el nuevo va a ser especial, ya que se trata de la primera tienda vintage de esta asociaci\u00f3n. Est\u00e1 ubicada en pleno centro de M\u00e1laga, en la calle Salvago 3, y se iba a inaugurar el mi\u00e9rcoles 4 de mayo a las [&hellip;]<\/p>\n","protected":false},"author":24,"featured_media":0,"comment_status":"open","ping_status":"open","sticky":false,"template":"","format":"standard","meta":[],"categories":[7],"tags":[970,1501,4800,4801,4803,3626,4802],"_links":{"self":[{"href":"https:\/\/blogs.diariosur.es\/-que-le-compro-\/wp-json\/wp\/v2\/posts\/5917"}],"collection":[{"href":"https:\/\/blogs.diariosur.es\/-que-le-compro-\/wp-json\/wp\/v2\/posts"}],"about":[{"href":"https:\/\/blogs.diariosur.es\/-que-le-compro-\/wp-json\/wp\/v2\/types\/post"}],"author":[{"embeddable":true,"href":"https:\/\/blogs.diariosur.es\/-que-le-compro-\/wp-json\/wp\/v2\/users\/24"}],"replies":[{"embeddable":true,"href":"https:\/\/blogs.diariosur.es\/-que-le-compro-\/wp-json\/wp\/v2\/comments?post=5917"}],"version-history":[{"count":3,"href":"https:\/\/blogs.diariosur.es\/-que-le-compro-\/wp-json\/wp\/v2\/posts\/5917\/revisions"}],"predecessor-version":[{"id":5922,"href":"https:\/\/blogs.diariosur.es\/-que-le-compro-\/wp-json\/wp\/v2\/posts\/5917\/revisions\/5922"}],"wp:attachment":[{"href":"https:\/\/blogs.diariosur.es\/-que-le-compro-\/wp-json\/wp\/v2\/media?parent=5917"}],"wp:term":[{"taxonomy":"category","embeddable":true,"href":"https:\/\/blogs.diariosur.es\/-que-le-compro-\/wp-json\/wp\/v2\/categories?post=5917"},{"taxonomy":"post_tag","embeddable":true,"href":"https:\/\/blogs.diariosur.es\/-que-le-compro-\/wp-json\/wp\/v2\/tags?post=5917"}],"curies":[{"name":"wp","href":"https:\/\/api.w.org\/{rel}","templated":true}]}}