{"id":5923,"date":"2022-05-05T18:32:00","date_gmt":"2022-05-05T16:32:00","guid":{"rendered":"https:\/\/blogs.diariosur.es\/-que-le-compro-\/?p=5923"},"modified":"2022-05-06T17:52:41","modified_gmt":"2022-05-06T15:52:41","slug":"mercadillos-malaga-playmobil-termica","status":"publish","type":"post","link":"https:\/\/blogs.diariosur.es\/-que-le-compro-\/2022\/05\/05\/mercadillos-malaga-playmobil-termica\/","title":{"rendered":"Playmobil, flores y otros mercadillos en M\u00e1laga"},"content":{"rendered":"<p>Como suele ocurrir, el primer fin de semana del mes llega completo de mercadillos en M\u00e1laga. As\u00ed que la agenda arranca ya el viernes, con el<strong> RED Friday de La T\u00e9rmica<\/strong>, que ocupar\u00e1 las galer\u00edas de la planta baja de La T\u00e9rmica desde las 18.00 hasta las 00.00 horas y que estar\u00e1 acompa\u00f1ado, como es\u00a0 habitual, de varias actividades enmarcadas dentro de esta jornada cultural nocturna. En esta ocasi\u00f3n destaca como novedad el showroom de Pe\u00f1a Flamenca &#8216;Los Cansino&#8217;. El viernes y el s\u00e1bado\u00a0vuelve a\u00a0<strong>Plaza Mayor<\/strong>\u00a0el Mercado de las Flores, que ofrecer\u00e1 talleres, charlas y expositores para visitar de distintas marcas durante todo el d\u00eda. Tambi\u00e9n har\u00e1 doblete, pero en este caso el s\u00e1bado y el domingo, <strong>El Paseo Market<\/strong>, que tomar\u00e1 el paseo mar\u00edtimo Ciudad de Melilla, en M\u00e1laga capital, de 11 a 19 horas.<\/p>\n<p>El s\u00e1bado\u00a0<strong>Genalguacil <\/strong>celebra una nueva edici\u00f3n de su mercado agro-artesanal, que cumple su primer aniversario de vida. Ser\u00e1 de 12 a 18 horas en la plaza, donde se podr\u00e1 encontrar distintos art\u00edculos de artesan\u00eda, madera, corcho, miembro. Amenizar\u00e1 la jornada la actuaci\u00f3n de la joven Cristina Bolaino, vecina del municipio. Y como es habitual en\u00a0<strong>Torremolinos,<\/strong>\u00a0en la peatonal de la avenida Palma de Mallorca la Asociaci\u00f3n de Artesanas y Artesanos Atenea organiza su mercado artesanal de 10 a 15 horas.<\/p>\n<div>Tambi\u00e9n en el s\u00e1bado, en el M\u00e1laga Factory habr\u00e1 una nueva edici\u00f3n de <strong>mercadillo de los click de Playmobil<\/strong>, que se desarrollar\u00e1 desde las diez de la ma\u00f1ana hasta las ocho de la tarde. Y para completar, <strong>Zoco Maravilla<\/strong>\u00a0el domingo en Muelle Uno, de 12 a 19 horas y el Mercado de Primavera se despedir\u00e1, as\u00ed que si a\u00fan no has estado te recuerdo que puedes hacerlo cada d\u00eda de 10 a 22 horas.<\/div>\n<div>\n<div id=\"attachment_5924\" style=\"width: 1034px\" class=\"wp-caption aligncenter\"><a href=\"https:\/\/static-blogs.diariosur.es\/wp-content\/uploads\/sites\/19\/2022\/05\/anillos2.jpg\"><img aria-describedby=\"caption-attachment-5924\" loading=\"lazy\" class=\"wp-image-5924 size-large\" src=\"https:\/\/static-blogs.diariosur.es\/wp-content\/uploads\/sites\/19\/2022\/05\/anillos2-1024x741.jpg\" alt=\"\" width=\"1024\" height=\"741\" srcset=\"https:\/\/static-blogs.diariosur.es\/wp-content\/uploads\/sites\/19\/2022\/05\/anillos2-1024x741.jpg 1024w, https:\/\/static-blogs.diariosur.es\/wp-content\/uploads\/sites\/19\/2022\/05\/anillos2-300x217.jpg 300w, https:\/\/static-blogs.diariosur.es\/wp-content\/uploads\/sites\/19\/2022\/05\/anillos2-768x556.jpg 768w, https:\/\/static-blogs.diariosur.es\/wp-content\/uploads\/sites\/19\/2022\/05\/anillos2.jpg 1374w\" sizes=\"(max-width: 1024px) 100vw, 1024px\" \/><\/a><p id=\"caption-attachment-5924\" class=\"wp-caption-text\">Artesan\u00eda en El Paseo Market<\/p><\/div>\n<\/div>\n<div>\u00a1Buen fin de semana!<\/div>\n","protected":false},"excerpt":{"rendered":"<p>Como suele ocurrir, el primer fin de semana del mes llega completo de mercadillos en M\u00e1laga. As\u00ed que la agenda arranca ya el viernes, con el RED Friday de La T\u00e9rmica, que ocupar\u00e1 las galer\u00edas de la planta baja de La T\u00e9rmica desde las 18.00 hasta las 00.00 horas y que estar\u00e1 acompa\u00f1ado, como es\u00a0 [&hellip;]<\/p>\n","protected":false},"author":24,"featured_media":0,"comment_status":"open","ping_status":"open","sticky":false,"template":"","format":"standard","meta":[],"categories":[2,6,7],"tags":[4399,4699,1219,4804,2967,4770,4697],"_links":{"self":[{"href":"https:\/\/blogs.diariosur.es\/-que-le-compro-\/wp-json\/wp\/v2\/posts\/5923"}],"collection":[{"href":"https:\/\/blogs.diariosur.es\/-que-le-compro-\/wp-json\/wp\/v2\/posts"}],"about":[{"href":"https:\/\/blogs.diariosur.es\/-que-le-compro-\/wp-json\/wp\/v2\/types\/post"}],"author":[{"embeddable":true,"href":"https:\/\/blogs.diariosur.es\/-que-le-compro-\/wp-json\/wp\/v2\/users\/24"}],"replies":[{"embeddable":true,"href":"https:\/\/blogs.diariosur.es\/-que-le-compro-\/wp-json\/wp\/v2\/comments?post=5923"}],"version-history":[{"count":3,"href":"https:\/\/blogs.diariosur.es\/-que-le-compro-\/wp-json\/wp\/v2\/posts\/5923\/revisions"}],"predecessor-version":[{"id":5927,"href":"https:\/\/blogs.diariosur.es\/-que-le-compro-\/wp-json\/wp\/v2\/posts\/5923\/revisions\/5927"}],"wp:attachment":[{"href":"https:\/\/blogs.diariosur.es\/-que-le-compro-\/wp-json\/wp\/v2\/media?parent=5923"}],"wp:term":[{"taxonomy":"category","embeddable":true,"href":"https:\/\/blogs.diariosur.es\/-que-le-compro-\/wp-json\/wp\/v2\/categories?post=5923"},{"taxonomy":"post_tag","embeddable":true,"href":"https:\/\/blogs.diariosur.es\/-que-le-compro-\/wp-json\/wp\/v2\/tags?post=5923"}],"curies":[{"name":"wp","href":"https:\/\/api.w.org\/{rel}","templated":true}]}}