{"id":5929,"date":"2022-05-09T23:06:02","date_gmt":"2022-05-09T21:06:02","guid":{"rendered":"https:\/\/blogs.diariosur.es\/-que-le-compro-\/?p=5929"},"modified":"2022-05-09T23:06:02","modified_gmt":"2022-05-09T21:06:02","slug":"inscripcion-shopping-night-estepona","status":"publish","type":"post","link":"https:\/\/blogs.diariosur.es\/-que-le-compro-\/2022\/05\/09\/inscripcion-shopping-night-estepona\/","title":{"rendered":"Abierto el plazo de inscripci\u00f3n para la V Shopping Night de Estepona"},"content":{"rendered":"<p><span style=\"font-weight: 400;\">Estepona vivir\u00e1 su Noche en Blanco el pr\u00f3ximo 4 de junio, y entre las actividades programadas destaca la V Shopping Night. Los comercios\u00a0 ubicados en el casco urbano interesados en tomar parte en esta iniciativa pueden inscribirse hasta el 31 de mayo.<\/span><\/p>\n<p><span style=\"font-weight: 400;\">Desde las 20.00 horas hasta las 02.00 horas las tiendas participantes\u00a0podr\u00e1n hacer descuentos y promociones para promover las compras entre.\u00a0<\/span>Las inscripciones est\u00e1n disponibles en www.estepona.es y se pueden entregar cumplimentadas en la delegaci\u00f3n municipal de Cultura, situada en el Centro Cultural Padre Manuel, hasta el pr\u00f3ximo 31 de mayo.<\/p>\n<p><a href=\"https:\/\/static-blogs.diariosur.es\/wp-content\/uploads\/sites\/19\/2022\/05\/Shopping-Night.jpg\"><img loading=\"lazy\" class=\"aligncenter size-full wp-image-5930\" src=\"https:\/\/static-blogs.diariosur.es\/wp-content\/uploads\/sites\/19\/2022\/05\/Shopping-Night.jpg\" alt=\"\" width=\"349\" height=\"500\" srcset=\"https:\/\/static-blogs.diariosur.es\/wp-content\/uploads\/sites\/19\/2022\/05\/Shopping-Night.jpg 349w, https:\/\/static-blogs.diariosur.es\/wp-content\/uploads\/sites\/19\/2022\/05\/Shopping-Night-209x300.jpg 209w\" sizes=\"(max-width: 349px) 100vw, 349px\" \/><\/a><\/p>\n","protected":false},"excerpt":{"rendered":"<p>Estepona vivir\u00e1 su Noche en Blanco el pr\u00f3ximo 4 de junio, y entre las actividades programadas destaca la V Shopping Night. Los comercios\u00a0 ubicados en el casco urbano interesados en tomar parte en esta iniciativa pueden inscribirse hasta el 31 de mayo. Desde las 20.00 horas hasta las 02.00 horas las tiendas participantes\u00a0podr\u00e1n hacer descuentos [&hellip;]<\/p>\n","protected":false},"author":24,"featured_media":0,"comment_status":"open","ping_status":"open","sticky":false,"template":"","format":"standard","meta":[],"categories":[3],"tags":[4806,4224,4805,4401],"_links":{"self":[{"href":"https:\/\/blogs.diariosur.es\/-que-le-compro-\/wp-json\/wp\/v2\/posts\/5929"}],"collection":[{"href":"https:\/\/blogs.diariosur.es\/-que-le-compro-\/wp-json\/wp\/v2\/posts"}],"about":[{"href":"https:\/\/blogs.diariosur.es\/-que-le-compro-\/wp-json\/wp\/v2\/types\/post"}],"author":[{"embeddable":true,"href":"https:\/\/blogs.diariosur.es\/-que-le-compro-\/wp-json\/wp\/v2\/users\/24"}],"replies":[{"embeddable":true,"href":"https:\/\/blogs.diariosur.es\/-que-le-compro-\/wp-json\/wp\/v2\/comments?post=5929"}],"version-history":[{"count":1,"href":"https:\/\/blogs.diariosur.es\/-que-le-compro-\/wp-json\/wp\/v2\/posts\/5929\/revisions"}],"predecessor-version":[{"id":5931,"href":"https:\/\/blogs.diariosur.es\/-que-le-compro-\/wp-json\/wp\/v2\/posts\/5929\/revisions\/5931"}],"wp:attachment":[{"href":"https:\/\/blogs.diariosur.es\/-que-le-compro-\/wp-json\/wp\/v2\/media?parent=5929"}],"wp:term":[{"taxonomy":"category","embeddable":true,"href":"https:\/\/blogs.diariosur.es\/-que-le-compro-\/wp-json\/wp\/v2\/categories?post=5929"},{"taxonomy":"post_tag","embeddable":true,"href":"https:\/\/blogs.diariosur.es\/-que-le-compro-\/wp-json\/wp\/v2\/tags?post=5929"}],"curies":[{"name":"wp","href":"https:\/\/api.w.org\/{rel}","templated":true}]}}