{"id":5938,"date":"2022-05-15T21:19:32","date_gmt":"2022-05-15T19:19:32","guid":{"rendered":"https:\/\/blogs.diariosur.es\/-que-le-compro-\/?p=5938"},"modified":"2022-05-15T21:19:32","modified_gmt":"2022-05-15T19:19:32","slug":"parfois-tienda-calle-larios-malaga","status":"publish","type":"post","link":"https:\/\/blogs.diariosur.es\/-que-le-compro-\/2022\/05\/15\/parfois-tienda-calle-larios-malaga\/","title":{"rendered":"Parfois inaugura tienda en calle Larios"},"content":{"rendered":"<p><span style=\"font-weight: 400;\">Novedades en el coraz\u00f3n comercial de M\u00e1laga. La calle Larios cuenta con un nuevo miembro, Parfois, que ha inaugurado una concept store en la calle m\u00e1s importante de la capital. Para ser exactos, est\u00e1 ubicada en el n\u00famero 7 (donde antes estaba \u00dcterque) y cuenta con una superficie de 139 metros cuadrados.<\/span><\/p>\n<p><span style=\"font-weight: 400;\">La est\u00e9tica minimalista del mobiliario y de los materiales, el revestimiento texturizado de las paredes y los espacios amplios y luminosos son las se\u00f1as de identidad de este nuevo establecimiento, que ofrece las \u00faltimas novedades de la colecci\u00f3n primavera-verano con bolsos de nylon en diferentes tama\u00f1os y colores &#8211; con el detalle de cuerdas inspirado en el <i>trekking-,<\/i>\u00a0y bisuter\u00eda, ropa y complementos\u00a0 con el estampado con nadadoras. <\/span><\/p>\n<p><span style=\"font-weight: 400;\">Parfois es una marca de complementos de moda creada en Portugal en 1994. Actualmente, est\u00e1\u00a0 presente en cerca de 70 pa\u00edses y contin\u00faa su plan de expansi\u00f3n con m\u00e1s de 75 aperturas previstas\u00a0 para 2022, consolidando mercados como Arabia Saud\u00ed, Suiza, M\u00e9xico, Turqu\u00eda e Israel. En el\u00a0 mercado espa\u00f1ol cuenta con 340 tiendas, de las que una veintena est\u00e1n repartidas por M\u00e1laga capital y provincia.<\/span><\/p>\n<p>\u00a1Bienvenidos!<\/p>\n<p><a href=\"https:\/\/static-blogs.diariosur.es\/wp-content\/uploads\/sites\/19\/2022\/05\/parfois1.jpg\"><img loading=\"lazy\" class=\"aligncenter size-large wp-image-5939\" src=\"https:\/\/static-blogs.diariosur.es\/wp-content\/uploads\/sites\/19\/2022\/05\/parfois1-1024x683.jpg\" alt=\"\" width=\"1024\" height=\"683\" srcset=\"https:\/\/static-blogs.diariosur.es\/wp-content\/uploads\/sites\/19\/2022\/05\/parfois1-1024x683.jpg 1024w, https:\/\/static-blogs.diariosur.es\/wp-content\/uploads\/sites\/19\/2022\/05\/parfois1-300x200.jpg 300w, https:\/\/static-blogs.diariosur.es\/wp-content\/uploads\/sites\/19\/2022\/05\/parfois1-768x512.jpg 768w, https:\/\/static-blogs.diariosur.es\/wp-content\/uploads\/sites\/19\/2022\/05\/parfois1.jpg 1374w\" sizes=\"(max-width: 1024px) 100vw, 1024px\" \/><\/a><\/p>\n","protected":false},"excerpt":{"rendered":"<p>Novedades en el coraz\u00f3n comercial de M\u00e1laga. La calle Larios cuenta con un nuevo miembro, Parfois, que ha inaugurado una concept store en la calle m\u00e1s importante de la capital. Para ser exactos, est\u00e1 ubicada en el n\u00famero 7 (donde antes estaba \u00dcterque) y cuenta con una superficie de 139 metros cuadrados. La est\u00e9tica minimalista [&hellip;]<\/p>\n","protected":false},"author":24,"featured_media":0,"comment_status":"open","ping_status":"open","sticky":false,"template":"","format":"standard","meta":[],"categories":[7,8],"tags":[547,2820,3692,4559,4813],"_links":{"self":[{"href":"https:\/\/blogs.diariosur.es\/-que-le-compro-\/wp-json\/wp\/v2\/posts\/5938"}],"collection":[{"href":"https:\/\/blogs.diariosur.es\/-que-le-compro-\/wp-json\/wp\/v2\/posts"}],"about":[{"href":"https:\/\/blogs.diariosur.es\/-que-le-compro-\/wp-json\/wp\/v2\/types\/post"}],"author":[{"embeddable":true,"href":"https:\/\/blogs.diariosur.es\/-que-le-compro-\/wp-json\/wp\/v2\/users\/24"}],"replies":[{"embeddable":true,"href":"https:\/\/blogs.diariosur.es\/-que-le-compro-\/wp-json\/wp\/v2\/comments?post=5938"}],"version-history":[{"count":1,"href":"https:\/\/blogs.diariosur.es\/-que-le-compro-\/wp-json\/wp\/v2\/posts\/5938\/revisions"}],"predecessor-version":[{"id":5940,"href":"https:\/\/blogs.diariosur.es\/-que-le-compro-\/wp-json\/wp\/v2\/posts\/5938\/revisions\/5940"}],"wp:attachment":[{"href":"https:\/\/blogs.diariosur.es\/-que-le-compro-\/wp-json\/wp\/v2\/media?parent=5938"}],"wp:term":[{"taxonomy":"category","embeddable":true,"href":"https:\/\/blogs.diariosur.es\/-que-le-compro-\/wp-json\/wp\/v2\/categories?post=5938"},{"taxonomy":"post_tag","embeddable":true,"href":"https:\/\/blogs.diariosur.es\/-que-le-compro-\/wp-json\/wp\/v2\/tags?post=5938"}],"curies":[{"name":"wp","href":"https:\/\/api.w.org\/{rel}","templated":true}]}}