{"id":5943,"date":"2022-05-19T15:40:22","date_gmt":"2022-05-19T13:40:22","guid":{"rendered":"https:\/\/blogs.diariosur.es\/-que-le-compro-\/?p=5943"},"modified":"2022-05-20T17:28:36","modified_gmt":"2022-05-20T15:28:36","slug":"mercadillos-malaga-fin-semana","status":"publish","type":"post","link":"https:\/\/blogs.diariosur.es\/-que-le-compro-\/2022\/05\/19\/mercadillos-malaga-fin-semana\/","title":{"rendered":"Mercadillos en M\u00e1laga capital y provincia del fin de semana"},"content":{"rendered":"<p>Ya est\u00e1 aqu\u00ed el fin de semana y con \u00e9l nuevas oportunidades para visitar mercadillos artesanales. La agenda arranca el viernes en <strong>Rinc\u00f3n de la Victoria<\/strong>, ya que en la plaza Al Andalus se va a celebrar un &#8216;Circo del Mar&#8217;, y entre las actividades previstas figura un mercadillo con 40 stands entre productos t\u00edpicos, artesan\u00eda y m\u00e1s que podr\u00e1 visitarse hasta el domingo. La inauguraci\u00f3n es este viernes a las 17 horas, pero tanto el s\u00e1bado como el domingo podr\u00e1 disfrutarse durante todo el d\u00eda.<\/p>\n<p>Y tambi\u00e9n este viernes vamos a poder disfrutar de otro estreno: el del <strong>Mercado de los Colores<\/strong>, que permanecer\u00e1 instalado en Muelle Uno hasta el pr\u00f3ximo 11 de septiembre. Podr\u00e1 visitarse diariamente de 10 a 22 horas.<\/p>\n<p>El s\u00e1bado, en Nueva Andaluc\u00eda (Marbella) habr\u00e1 una nueva edici\u00f3n del mercadillo de\u00a0<strong>Centro Plaza<\/strong>, que se desarrollar\u00e1 de 10 a 14.30 horas en la Avenida Manolete 1 mientras que en la peatonal de la Avenida Palma de Mallorca, como es habitual, de 10 a 15 horas podr\u00e1n verse los trabajos de los creadores reunidos por la asociaci\u00f3n Atenea en <strong>Torremolinos.<\/strong><\/p>\n<p>Los\u00a0<strong>ecomercados<\/strong>\u00a0organizados por la asociaci\u00f3n Guadalhorce Ecol\u00f3gico se encontrar\u00e1n el s\u00e1bado en el parque Huelin, en M\u00e1laga capital, y el domingo en La Cala de Mijas, en el bulevar frente a la Alcald\u00eda. De 10 a 14 horas en ambos casos<\/p>\n<p>En la capital, el domingo tambi\u00e9n se celebrar\u00e1 el\u00a0<strong>Soho Mercado Urbano\u00a0<\/strong>\u00a0que tomar\u00e1 la c\u00e9ntrica calle Tom\u00e1s Heredia, de once de la ma\u00f1ana a siete de la tarde. En esta ocasi\u00f3n adem\u00e1s contar\u00e1 con un taller de cer\u00e1mica para los\u00a0 m\u00e1s peques.<\/p>\n<p>\u00a1Buen fin de semana!<\/p>\n<p><a href=\"https:\/\/static-blogs.diariosur.es\/wp-content\/uploads\/sites\/19\/2022\/05\/munecos2.jpg\"><img loading=\"lazy\" class=\"aligncenter size-full wp-image-5945\" src=\"https:\/\/static-blogs.diariosur.es\/wp-content\/uploads\/sites\/19\/2022\/05\/munecos2.jpg\" alt=\"\" width=\"600\" height=\"440\" srcset=\"https:\/\/static-blogs.diariosur.es\/wp-content\/uploads\/sites\/19\/2022\/05\/munecos2.jpg 600w, https:\/\/static-blogs.diariosur.es\/wp-content\/uploads\/sites\/19\/2022\/05\/munecos2-300x220.jpg 300w\" sizes=\"(max-width: 600px) 100vw, 600px\" \/><\/a><\/p>\n","protected":false},"excerpt":{"rendered":"<p>Ya est\u00e1 aqu\u00ed el fin de semana y con \u00e9l nuevas oportunidades para visitar mercadillos artesanales. La agenda arranca el viernes en Rinc\u00f3n de la Victoria, ya que en la plaza Al Andalus se va a celebrar un &#8216;Circo del Mar&#8217;, y entre las actividades previstas figura un mercadillo con 40 stands entre productos t\u00edpicos, [&hellip;]<\/p>\n","protected":false},"author":24,"featured_media":0,"comment_status":"open","ping_status":"open","sticky":false,"template":"","format":"standard","meta":[],"categories":[3,4,5],"tags":[311,4688,4814,2265,2359,4815,2953,4525],"_links":{"self":[{"href":"https:\/\/blogs.diariosur.es\/-que-le-compro-\/wp-json\/wp\/v2\/posts\/5943"}],"collection":[{"href":"https:\/\/blogs.diariosur.es\/-que-le-compro-\/wp-json\/wp\/v2\/posts"}],"about":[{"href":"https:\/\/blogs.diariosur.es\/-que-le-compro-\/wp-json\/wp\/v2\/types\/post"}],"author":[{"embeddable":true,"href":"https:\/\/blogs.diariosur.es\/-que-le-compro-\/wp-json\/wp\/v2\/users\/24"}],"replies":[{"embeddable":true,"href":"https:\/\/blogs.diariosur.es\/-que-le-compro-\/wp-json\/wp\/v2\/comments?post=5943"}],"version-history":[{"count":4,"href":"https:\/\/blogs.diariosur.es\/-que-le-compro-\/wp-json\/wp\/v2\/posts\/5943\/revisions"}],"predecessor-version":[{"id":5948,"href":"https:\/\/blogs.diariosur.es\/-que-le-compro-\/wp-json\/wp\/v2\/posts\/5943\/revisions\/5948"}],"wp:attachment":[{"href":"https:\/\/blogs.diariosur.es\/-que-le-compro-\/wp-json\/wp\/v2\/media?parent=5943"}],"wp:term":[{"taxonomy":"category","embeddable":true,"href":"https:\/\/blogs.diariosur.es\/-que-le-compro-\/wp-json\/wp\/v2\/categories?post=5943"},{"taxonomy":"post_tag","embeddable":true,"href":"https:\/\/blogs.diariosur.es\/-que-le-compro-\/wp-json\/wp\/v2\/tags?post=5943"}],"curies":[{"name":"wp","href":"https:\/\/api.w.org\/{rel}","templated":true}]}}