{"id":5949,"date":"2022-05-23T21:41:20","date_gmt":"2022-05-23T19:41:20","guid":{"rendered":"https:\/\/blogs.diariosur.es\/-que-le-compro-\/?p=5949"},"modified":"2022-05-23T21:41:20","modified_gmt":"2022-05-23T19:41:20","slug":"shein-abre-tienda-madrid-espana","status":"publish","type":"post","link":"https:\/\/blogs.diariosur.es\/-que-le-compro-\/2022\/05\/23\/shein-abre-tienda-madrid-espana\/","title":{"rendered":"Shein abre su primera tienda en Espa\u00f1a"},"content":{"rendered":"<p>Es una de las reinas de las compras en Internet, y va a inaugurar tienda f\u00edsica en Espa\u00f1a. Aunque ser\u00e1 por poco tiempo. Shein ha anunciado que abrir\u00e1 su primera &#8216;pop up store&#8217; en junio, y el lugar elegido es Madrid. La firma china de moda, que solo opera en la Red, trae a Madrid su primera tienda f\u00edsica tras el buen recibimiento que ha tenido recientes aperturas similares en pa\u00edses como Francia, M\u00e9xico y Estados Unidos.<\/p>\n<p>De esta forma, la ense\u00f1a abrir\u00e1 las puertas de su primera &#8216;pop up store&#8217; en la capital, concretamente en la calle Sandoval 3 del\u00a0 jueves 2 al 5 de junio, donde los clientes podr\u00e1n hacer sus\u00a0compras\u00a0de las colecciones de moda de mujer y hombre. El horario ser\u00e1 el jueves de\u00a0 las 14 a las 22 horas y desde el viernes hasta el domingo de 10 a\u00a0 22 horas.<\/p>\n<p>Shein, fundada en 2012 y que se ha convertido en los \u00faltimos a\u00f1os en uno de los principales rivales de Zara, opera actualmente en m\u00e1s de 150 pa\u00edses del mundo y cuenta con centros de operaciones clave en Singapur, China y Estados Unidos, junto con otros mercados importantes.<\/p>\n<p><a href=\"https:\/\/static-blogs.diariosur.es\/wp-content\/uploads\/sites\/19\/2022\/05\/shein-madrid.jpg\"><img loading=\"lazy\" class=\"aligncenter size-large wp-image-5950\" src=\"https:\/\/static-blogs.diariosur.es\/wp-content\/uploads\/sites\/19\/2022\/05\/shein-madrid-1024x409.jpg\" alt=\"\" width=\"1024\" height=\"409\" srcset=\"https:\/\/static-blogs.diariosur.es\/wp-content\/uploads\/sites\/19\/2022\/05\/shein-madrid-1024x409.jpg 1024w, https:\/\/static-blogs.diariosur.es\/wp-content\/uploads\/sites\/19\/2022\/05\/shein-madrid-300x120.jpg 300w, https:\/\/static-blogs.diariosur.es\/wp-content\/uploads\/sites\/19\/2022\/05\/shein-madrid-768x307.jpg 768w, https:\/\/static-blogs.diariosur.es\/wp-content\/uploads\/sites\/19\/2022\/05\/shein-madrid.jpg 1135w\" sizes=\"(max-width: 1024px) 100vw, 1024px\" \/><\/a><\/p>\n<p>&nbsp;<\/p>\n","protected":false},"excerpt":{"rendered":"<p>Es una de las reinas de las compras en Internet, y va a inaugurar tienda f\u00edsica en Espa\u00f1a. Aunque ser\u00e1 por poco tiempo. Shein ha anunciado que abrir\u00e1 su primera &#8216;pop up store&#8217; en junio, y el lugar elegido es Madrid. La firma china de moda, que solo opera en la Red, trae a Madrid [&hellip;]<\/p>\n","protected":false},"author":24,"featured_media":0,"comment_status":"open","ping_status":"open","sticky":false,"template":"","format":"standard","meta":[],"categories":[8],"tags":[4820,4819,4818,4816,4821,4817],"_links":{"self":[{"href":"https:\/\/blogs.diariosur.es\/-que-le-compro-\/wp-json\/wp\/v2\/posts\/5949"}],"collection":[{"href":"https:\/\/blogs.diariosur.es\/-que-le-compro-\/wp-json\/wp\/v2\/posts"}],"about":[{"href":"https:\/\/blogs.diariosur.es\/-que-le-compro-\/wp-json\/wp\/v2\/types\/post"}],"author":[{"embeddable":true,"href":"https:\/\/blogs.diariosur.es\/-que-le-compro-\/wp-json\/wp\/v2\/users\/24"}],"replies":[{"embeddable":true,"href":"https:\/\/blogs.diariosur.es\/-que-le-compro-\/wp-json\/wp\/v2\/comments?post=5949"}],"version-history":[{"count":1,"href":"https:\/\/blogs.diariosur.es\/-que-le-compro-\/wp-json\/wp\/v2\/posts\/5949\/revisions"}],"predecessor-version":[{"id":5951,"href":"https:\/\/blogs.diariosur.es\/-que-le-compro-\/wp-json\/wp\/v2\/posts\/5949\/revisions\/5951"}],"wp:attachment":[{"href":"https:\/\/blogs.diariosur.es\/-que-le-compro-\/wp-json\/wp\/v2\/media?parent=5949"}],"wp:term":[{"taxonomy":"category","embeddable":true,"href":"https:\/\/blogs.diariosur.es\/-que-le-compro-\/wp-json\/wp\/v2\/categories?post=5949"},{"taxonomy":"post_tag","embeddable":true,"href":"https:\/\/blogs.diariosur.es\/-que-le-compro-\/wp-json\/wp\/v2\/tags?post=5949"}],"curies":[{"name":"wp","href":"https:\/\/api.w.org\/{rel}","templated":true}]}}