{"id":5953,"date":"2022-05-27T23:01:23","date_gmt":"2022-05-27T21:01:23","guid":{"rendered":"https:\/\/blogs.diariosur.es\/-que-le-compro-\/?p=5953"},"modified":"2022-05-29T21:45:20","modified_gmt":"2022-05-29T19:45:20","slug":"mercadillos-mayo-final-malaga","status":"publish","type":"post","link":"https:\/\/blogs.diariosur.es\/-que-le-compro-\/2022\/05\/27\/mercadillos-mayo-final-malaga\/","title":{"rendered":"\u00daltimos mercadillos de mayo en M\u00e1laga"},"content":{"rendered":"<p>\u00bfQu\u00e9 mejor manera que disfrutar del \u00faltimo fin de semana del mes que apoyando la creatividad local? Si est\u00e1s de acuerdo, te resumo la agenda de mercadillos artesanales de estos d\u00edas. El s\u00e1bado, dos citas en la provincia. Una es en Nueva Andaluc\u00eda (Marbella) donde habr\u00e1 una nueva edici\u00f3n del mercadillo de\u00a0<strong>Centro Plaza<\/strong>\u00a010 a 14.30 horas (en la Avenida Manolete 1) mientras que en <strong>Torremolinos<\/strong>, concretamente en la peatonal de la Avenida Palma de Mallorca, estar\u00e1n los creadores reunidos por\u00a0 la asociaci\u00f3n Atenea de 10 a 15 horas.<\/p>\n<p>En Muelle Uno est\u00e1 el reci\u00e9n estrenado\u00a0<strong>Mercado de los Colores<\/strong>, abierto todos los d\u00edas hasta el pr\u00f3ximo 11 de septiembre de 10 a 22 horas. Y los <strong>ecomercados<\/strong>\u00a0organizados por la asociaci\u00f3n Guadalhorce Ecol\u00f3gico se encontrar\u00e1n el s\u00e1bado en el parque Huelin, en M\u00e1laga capital, y el domingo en La Cala de Mijas, en el bulevar frente a la Alcald\u00eda. De 10 a 14 horas en ambos casos. Y el domingo habr\u00e1 edici\u00f3n especial de La Merced &amp; Co en la plaza de la Merced, en M\u00e1laga capital, de 11 a 19 horas.<\/p>\n<p>\u00a1Buen fin de semana!<\/p>\n<p><a href=\"https:\/\/static-blogs.diariosur.es\/wp-content\/uploads\/sites\/19\/2022\/05\/mercado-colores.jpg\"><img loading=\"lazy\" class=\"aligncenter size-full wp-image-5954\" src=\"https:\/\/static-blogs.diariosur.es\/wp-content\/uploads\/sites\/19\/2022\/05\/mercado-colores.jpg\" alt=\"\" width=\"526\" height=\"526\" srcset=\"https:\/\/static-blogs.diariosur.es\/wp-content\/uploads\/sites\/19\/2022\/05\/mercado-colores.jpg 526w, https:\/\/static-blogs.diariosur.es\/wp-content\/uploads\/sites\/19\/2022\/05\/mercado-colores-150x150.jpg 150w, https:\/\/static-blogs.diariosur.es\/wp-content\/uploads\/sites\/19\/2022\/05\/mercado-colores-300x300.jpg 300w\" sizes=\"(max-width: 526px) 100vw, 526px\" \/><\/a><\/p>\n<p>&nbsp;<\/p>\n<p>&nbsp;<\/p>\n","protected":false},"excerpt":{"rendered":"<p>\u00bfQu\u00e9 mejor manera que disfrutar del \u00faltimo fin de semana del mes que apoyando la creatividad local? Si est\u00e1s de acuerdo, te resumo la agenda de mercadillos artesanales de estos d\u00edas. El s\u00e1bado, dos citas en la provincia. Una es en Nueva Andaluc\u00eda (Marbella) donde habr\u00e1 una nueva edici\u00f3n del mercadillo de\u00a0Centro Plaza\u00a010 a 14.30 [&hellip;]<\/p>\n","protected":false},"author":24,"featured_media":0,"comment_status":"open","ping_status":"open","sticky":false,"template":"","format":"standard","meta":[],"categories":[2,3,4],"tags":[4390,311,4620,4569,4619,2265,4823,4822,2832],"_links":{"self":[{"href":"https:\/\/blogs.diariosur.es\/-que-le-compro-\/wp-json\/wp\/v2\/posts\/5953"}],"collection":[{"href":"https:\/\/blogs.diariosur.es\/-que-le-compro-\/wp-json\/wp\/v2\/posts"}],"about":[{"href":"https:\/\/blogs.diariosur.es\/-que-le-compro-\/wp-json\/wp\/v2\/types\/post"}],"author":[{"embeddable":true,"href":"https:\/\/blogs.diariosur.es\/-que-le-compro-\/wp-json\/wp\/v2\/users\/24"}],"replies":[{"embeddable":true,"href":"https:\/\/blogs.diariosur.es\/-que-le-compro-\/wp-json\/wp\/v2\/comments?post=5953"}],"version-history":[{"count":2,"href":"https:\/\/blogs.diariosur.es\/-que-le-compro-\/wp-json\/wp\/v2\/posts\/5953\/revisions"}],"predecessor-version":[{"id":5956,"href":"https:\/\/blogs.diariosur.es\/-que-le-compro-\/wp-json\/wp\/v2\/posts\/5953\/revisions\/5956"}],"wp:attachment":[{"href":"https:\/\/blogs.diariosur.es\/-que-le-compro-\/wp-json\/wp\/v2\/media?parent=5953"}],"wp:term":[{"taxonomy":"category","embeddable":true,"href":"https:\/\/blogs.diariosur.es\/-que-le-compro-\/wp-json\/wp\/v2\/categories?post=5953"},{"taxonomy":"post_tag","embeddable":true,"href":"https:\/\/blogs.diariosur.es\/-que-le-compro-\/wp-json\/wp\/v2\/tags?post=5953"}],"curies":[{"name":"wp","href":"https:\/\/api.w.org\/{rel}","templated":true}]}}