{"id":5958,"date":"2022-06-02T16:01:59","date_gmt":"2022-06-02T14:01:59","guid":{"rendered":"https:\/\/blogs.diariosur.es\/-que-le-compro-\/?p=5958"},"modified":"2022-06-02T16:44:08","modified_gmt":"2022-06-02T14:44:08","slug":"mercadillos-playmobil-plaza-mayor-genalguacil-malaga","status":"publish","type":"post","link":"https:\/\/blogs.diariosur.es\/-que-le-compro-\/2022\/06\/02\/mercadillos-playmobil-plaza-mayor-genalguacil-malaga\/","title":{"rendered":"Mercadillos para empezar muy bien junio en M\u00e1laga"},"content":{"rendered":"<p>Junio ya est\u00e1 aqu\u00ed y, como suele ocurrir, en el primer fin de semana de cada mes coinciden varios mercadillos en M\u00e1laga.\u00a0Empezamos la lista en <strong>Plaza Mayor<\/strong>, donde este viernes y el s\u00e1bado vuelve el Mercado de las Flores, que ofrecer\u00e1 talleres, charlas y expositores para visitar de distintas marcas durante todo el d\u00eda.<\/p>\n<p>El s\u00e1bado, como ya es habitual en\u00a0<strong>Torremolinos,<\/strong>\u00a0en la peatonal de la avenida Palma de Mallorca la Asociaci\u00f3n de Artesanas y Artesanos Atenea organiza su mercado artesanal, que puede visitarse libremente de 10 a 15 horas. En <strong>Genalguacil<\/strong>, una buena representaci\u00f3n de artesanos de la comarca de Ronda se dar\u00e1n cita tambi\u00e9n este d\u00eda 4 en el mercado agro-artesanal, que de 12 a 18 horas exhibir\u00e1 distintos art\u00edculos de esparto, artesan\u00eda, madera o barro, entre otros. Amenizar\u00e1 la jornada la actuaci\u00f3n de Lawrence George, vecino de Gauc\u00edn, y adem\u00e1s habr\u00e1 barra para picar algo y otras actividades, como por ejemplo una demostraci\u00f3n de fabricaci\u00f3n de sandalias de piel a cargo de \u00c1lvaro Gross, zapatero artesanal afincado en esta localidad malague\u00f1a.<\/p>\n<div>Adem\u00e1s, al ser el primer s\u00e1bado del mes, en el edificio Ocio del M\u00e1laga Factory se organiza una nueva edici\u00f3n de\u00a0<strong>mercadillo de los click de Playmobil<\/strong>, que se desarrollar\u00e1 desde las diez de la ma\u00f1ana hasta las ocho de la tarde.<\/div>\n<div>El domingo, vuelve a la plaza de La Merced los dise\u00f1adores locales reunidos por <strong>La Merced &amp; Co<\/strong>, que mostrar\u00e1n sus trabajos en los distintos stands de 11 a 19 horas y para completar en Muelle Uno ofrecen dos propuestas: <strong>Zoco Maravilla<\/strong>\u00a0el domingo\u00a0 de 12 a 19 horas y el Mercado de los Colores, abierto cada d\u00eda de 10 a 22 horas hasta septiembre.<\/div>\n<div>\u00a1Buen fin de semana!<\/div>\n<div><a href=\"https:\/\/static-blogs.diariosur.es\/wp-content\/uploads\/sites\/19\/2022\/06\/cajas2.jpg\"><img loading=\"lazy\" class=\"aligncenter size-large wp-image-5959\" src=\"https:\/\/static-blogs.diariosur.es\/wp-content\/uploads\/sites\/19\/2022\/06\/cajas2-1024x434.jpg\" alt=\"\" width=\"1024\" height=\"434\" srcset=\"https:\/\/static-blogs.diariosur.es\/wp-content\/uploads\/sites\/19\/2022\/06\/cajas2-1024x434.jpg 1024w, https:\/\/static-blogs.diariosur.es\/wp-content\/uploads\/sites\/19\/2022\/06\/cajas2-300x127.jpg 300w, https:\/\/static-blogs.diariosur.es\/wp-content\/uploads\/sites\/19\/2022\/06\/cajas2-768x326.jpg 768w, https:\/\/static-blogs.diariosur.es\/wp-content\/uploads\/sites\/19\/2022\/06\/cajas2.jpg 1210w\" sizes=\"(max-width: 1024px) 100vw, 1024px\" \/><\/a><\/div>\n","protected":false},"excerpt":{"rendered":"<p>Junio ya est\u00e1 aqu\u00ed y, como suele ocurrir, en el primer fin de semana de cada mes coinciden varios mercadillos en M\u00e1laga.\u00a0Empezamos la lista en Plaza Mayor, donde este viernes y el s\u00e1bado vuelve el Mercado de las Flores, que ofrecer\u00e1 talleres, charlas y expositores para visitar de distintas marcas durante todo el d\u00eda. El [&hellip;]<\/p>\n","protected":false},"author":24,"featured_media":0,"comment_status":"open","ping_status":"open","sticky":false,"template":"","format":"standard","meta":[],"categories":[2,3,4,5,7],"tags":[4631,4619,3994,4732,4824,4680,3972],"_links":{"self":[{"href":"https:\/\/blogs.diariosur.es\/-que-le-compro-\/wp-json\/wp\/v2\/posts\/5958"}],"collection":[{"href":"https:\/\/blogs.diariosur.es\/-que-le-compro-\/wp-json\/wp\/v2\/posts"}],"about":[{"href":"https:\/\/blogs.diariosur.es\/-que-le-compro-\/wp-json\/wp\/v2\/types\/post"}],"author":[{"embeddable":true,"href":"https:\/\/blogs.diariosur.es\/-que-le-compro-\/wp-json\/wp\/v2\/users\/24"}],"replies":[{"embeddable":true,"href":"https:\/\/blogs.diariosur.es\/-que-le-compro-\/wp-json\/wp\/v2\/comments?post=5958"}],"version-history":[{"count":2,"href":"https:\/\/blogs.diariosur.es\/-que-le-compro-\/wp-json\/wp\/v2\/posts\/5958\/revisions"}],"predecessor-version":[{"id":5961,"href":"https:\/\/blogs.diariosur.es\/-que-le-compro-\/wp-json\/wp\/v2\/posts\/5958\/revisions\/5961"}],"wp:attachment":[{"href":"https:\/\/blogs.diariosur.es\/-que-le-compro-\/wp-json\/wp\/v2\/media?parent=5958"}],"wp:term":[{"taxonomy":"category","embeddable":true,"href":"https:\/\/blogs.diariosur.es\/-que-le-compro-\/wp-json\/wp\/v2\/categories?post=5958"},{"taxonomy":"post_tag","embeddable":true,"href":"https:\/\/blogs.diariosur.es\/-que-le-compro-\/wp-json\/wp\/v2\/tags?post=5958"}],"curies":[{"name":"wp","href":"https:\/\/api.w.org\/{rel}","templated":true}]}}