{"id":5964,"date":"2022-06-08T21:05:29","date_gmt":"2022-06-08T19:05:29","guid":{"rendered":"https:\/\/blogs.diariosur.es\/-que-le-compro-\/?p=5964"},"modified":"2022-06-08T21:13:19","modified_gmt":"2022-06-08T19:13:19","slug":"mercadillos-quesos-friki-malaga-junio","status":"publish","type":"post","link":"https:\/\/blogs.diariosur.es\/-que-le-compro-\/2022\/06\/08\/mercadillos-quesos-friki-malaga-junio\/","title":{"rendered":"Quesos y frikis se cuelan en la agenda de mercadillos"},"content":{"rendered":"<p>\u00a1Fin de semana a la vista! Y agenda de mercadillos en M\u00e1laga al canto. El s\u00e1bado en el edificio ocio del M\u00e1laga Factory (en las dos plantas) se celebrar\u00e1\u00a0 una nueva edici\u00f3n del\u00a0<strong>Friki Market<\/strong>, con merchandising y art\u00edculos de distinto tipo de pel\u00edculas y c\u00f3mics de 12 a 22 horas. Tambi\u00e9n este d\u00eda habr\u00e1 dos fijos ya del calendario. Uno es en Nueva Andaluc\u00eda (Marbella), el mercadillo de\u00a0<strong>Centro Plaza<\/strong>, que se desarrollar\u00e1 de 10 a 14.30 horas en la Avenida Manolete 1. Y el otro en Torremolinos, concretamente en la peatonal de la Avenida Palma de Mallorca, donde de 10 a 15 horas podr\u00e1n verse los trabajos de los creadores reunidos por la asociaci\u00f3n Atenea en\u00a0<strong>Torremolinos.<\/strong><\/p>\n<p>Y el domingo <strong>Muelle Uno<\/strong> organiza su Zoco Maravilla de 12 a 19 horas que coincidir\u00e1 con el Mercado de los Colores, disponible todos los d\u00edas hasta septiembre. Y cerca de all\u00ed, en el paseo mar\u00edtimo Ciudad de Melilla, de 11:00 a 19:00 podr\u00e1n visitarse los expositores de <strong>El Paseo Market<\/strong> con mucha moda, artesan\u00eda, complementos y m\u00e1s. Para completar, en la provincia, Co\u00edn alberga el <strong>Mercado de Quesos de\u00a0 M\u00e1laga<\/strong> de 9\u00a0 a 14.30 horas en el Mercado Agroalimentario del Guadalhorce.<\/p>\n<p>\u00a1Buen fin de semana!<\/p>\n<div id=\"attachment_5965\" style=\"width: 599px\" class=\"wp-caption aligncenter\"><a href=\"https:\/\/static-blogs.diariosur.es\/wp-content\/uploads\/sites\/19\/2022\/06\/abanicos-paseo.jpg\"><img aria-describedby=\"caption-attachment-5965\" loading=\"lazy\" class=\"size-full wp-image-5965\" src=\"https:\/\/static-blogs.diariosur.es\/wp-content\/uploads\/sites\/19\/2022\/06\/abanicos-paseo.jpg\" alt=\"\" width=\"589\" height=\"581\" srcset=\"https:\/\/static-blogs.diariosur.es\/wp-content\/uploads\/sites\/19\/2022\/06\/abanicos-paseo.jpg 589w, https:\/\/static-blogs.diariosur.es\/wp-content\/uploads\/sites\/19\/2022\/06\/abanicos-paseo-300x296.jpg 300w\" sizes=\"(max-width: 589px) 100vw, 589px\" \/><\/a><p id=\"caption-attachment-5965\" class=\"wp-caption-text\">Artesan\u00eda en El Paseo Market este domingo<\/p><\/div>\n","protected":false},"excerpt":{"rendered":"<p>\u00a1Fin de semana a la vista! Y agenda de mercadillos en M\u00e1laga al canto. El s\u00e1bado en el edificio ocio del M\u00e1laga Factory (en las dos plantas) se celebrar\u00e1\u00a0 una nueva edici\u00f3n del\u00a0Friki Market, con merchandising y art\u00edculos de distinto tipo de pel\u00edculas y c\u00f3mics de 12 a 22 horas. Tambi\u00e9n este d\u00eda habr\u00e1 dos [&hellip;]<\/p>\n","protected":false},"author":24,"featured_media":0,"comment_status":"open","ping_status":"open","sticky":false,"template":"","format":"standard","meta":[],"categories":[2,3,4],"tags":[4825,4688,1219,4709],"_links":{"self":[{"href":"https:\/\/blogs.diariosur.es\/-que-le-compro-\/wp-json\/wp\/v2\/posts\/5964"}],"collection":[{"href":"https:\/\/blogs.diariosur.es\/-que-le-compro-\/wp-json\/wp\/v2\/posts"}],"about":[{"href":"https:\/\/blogs.diariosur.es\/-que-le-compro-\/wp-json\/wp\/v2\/types\/post"}],"author":[{"embeddable":true,"href":"https:\/\/blogs.diariosur.es\/-que-le-compro-\/wp-json\/wp\/v2\/users\/24"}],"replies":[{"embeddable":true,"href":"https:\/\/blogs.diariosur.es\/-que-le-compro-\/wp-json\/wp\/v2\/comments?post=5964"}],"version-history":[{"count":2,"href":"https:\/\/blogs.diariosur.es\/-que-le-compro-\/wp-json\/wp\/v2\/posts\/5964\/revisions"}],"predecessor-version":[{"id":5967,"href":"https:\/\/blogs.diariosur.es\/-que-le-compro-\/wp-json\/wp\/v2\/posts\/5964\/revisions\/5967"}],"wp:attachment":[{"href":"https:\/\/blogs.diariosur.es\/-que-le-compro-\/wp-json\/wp\/v2\/media?parent=5964"}],"wp:term":[{"taxonomy":"category","embeddable":true,"href":"https:\/\/blogs.diariosur.es\/-que-le-compro-\/wp-json\/wp\/v2\/categories?post=5964"},{"taxonomy":"post_tag","embeddable":true,"href":"https:\/\/blogs.diariosur.es\/-que-le-compro-\/wp-json\/wp\/v2\/tags?post=5964"}],"curies":[{"name":"wp","href":"https:\/\/api.w.org\/{rel}","templated":true}]}}