{"id":5970,"date":"2022-06-17T13:12:59","date_gmt":"2022-06-17T11:12:59","guid":{"rendered":"https:\/\/blogs.diariosur.es\/-que-le-compro-\/?p=5970"},"modified":"2022-06-17T13:12:59","modified_gmt":"2022-06-17T11:12:59","slug":"zoco-arabe-alora-mercadillos-malaga","status":"publish","type":"post","link":"https:\/\/blogs.diariosur.es\/-que-le-compro-\/2022\/06\/17\/zoco-arabe-alora-mercadillos-malaga\/","title":{"rendered":"Zoco \u00e1rabe, mercado del mar y m\u00e1s"},"content":{"rendered":"<p>Empezamos la agenda de mercadillos de este fin de semana, con otro regreso, el de las<strong> Noches Al-lo\u00e1rabe<\/strong> de \u00c1lora, que vuelven a celebrarse este fin de semana tras el par\u00f3n obligado por el coronavirus. El escenario principal ser\u00e1 la plaza Baja, y entre las actividades que podr\u00e1n disfrutarse del viernes al domingo destaca el gran Zoco \u00c1rabe que se pondr\u00e1 en marcha.<\/p>\n<p>Los<strong> ecomercados<\/strong> estar\u00e1n este s\u00e1bado en Marbella (Avda. Espa\u00f1a, Pinar de Elviria) y el domingo en el recinto ferial de Benalm\u00e1dena. El plato fuerte de este &#8216;finde&#8217; va a ser el d\u00eda 19, ya que coinciden varias propuestas. Por un lado, el Zoco Maravilla de <strong>Muelle Uno<\/strong>, que podr\u00e1 visitarse de 12 a 19 horas (y que se celebra de manera paralela al Mercado de Colores) y el <strong>Mercado del Mar<\/strong>, que se celebrar\u00e1 en el paseo mar\u00edtimo Antonio Banderas de 11 a 19 horas.<\/p>\n<p>Para completar, en Marbella la asociaci\u00f3n Horizonte Proyecto Hombre tomar\u00e1, como es habitual, el Parque de la Alameda para celebrar su<strong> Rastrillo ben\u00e9fico de Verano<\/strong>, que permanecer\u00e1 abierto durante todo el d\u00eda.<\/p>\n<p>\u00a1Buen fin de semana!<\/p>\n<div id=\"attachment_5971\" style=\"width: 710px\" class=\"wp-caption aligncenter\"><a href=\"https:\/\/static-blogs.diariosur.es\/wp-content\/uploads\/sites\/19\/2022\/06\/zoco.jpg\"><img aria-describedby=\"caption-attachment-5971\" loading=\"lazy\" class=\"size-full wp-image-5971\" src=\"https:\/\/static-blogs.diariosur.es\/wp-content\/uploads\/sites\/19\/2022\/06\/zoco.jpg\" alt=\"\" width=\"700\" height=\"540\" srcset=\"https:\/\/static-blogs.diariosur.es\/wp-content\/uploads\/sites\/19\/2022\/06\/zoco.jpg 700w, https:\/\/static-blogs.diariosur.es\/wp-content\/uploads\/sites\/19\/2022\/06\/zoco-300x231.jpg 300w\" sizes=\"(max-width: 700px) 100vw, 700px\" \/><\/a><p id=\"caption-attachment-5971\" class=\"wp-caption-text\">Zoco Maravilla en Muelle Uno este domingo. :: M. U.<\/p><\/div>\n","protected":false},"excerpt":{"rendered":"<p>Empezamos la agenda de mercadillos de este fin de semana, con otro regreso, el de las Noches Al-lo\u00e1rabe de \u00c1lora, que vuelven a celebrarse este fin de semana tras el par\u00f3n obligado por el coronavirus. El escenario principal ser\u00e1 la plaza Baja, y entre las actividades que podr\u00e1n disfrutarse del viernes al domingo destaca el [&hellip;]<\/p>\n","protected":false},"author":24,"featured_media":0,"comment_status":"open","ping_status":"open","sticky":false,"template":"","format":"standard","meta":[],"categories":[4],"tags":[311,312,4828,2265,4826,4707,4255,4827,4704],"_links":{"self":[{"href":"https:\/\/blogs.diariosur.es\/-que-le-compro-\/wp-json\/wp\/v2\/posts\/5970"}],"collection":[{"href":"https:\/\/blogs.diariosur.es\/-que-le-compro-\/wp-json\/wp\/v2\/posts"}],"about":[{"href":"https:\/\/blogs.diariosur.es\/-que-le-compro-\/wp-json\/wp\/v2\/types\/post"}],"author":[{"embeddable":true,"href":"https:\/\/blogs.diariosur.es\/-que-le-compro-\/wp-json\/wp\/v2\/users\/24"}],"replies":[{"embeddable":true,"href":"https:\/\/blogs.diariosur.es\/-que-le-compro-\/wp-json\/wp\/v2\/comments?post=5970"}],"version-history":[{"count":1,"href":"https:\/\/blogs.diariosur.es\/-que-le-compro-\/wp-json\/wp\/v2\/posts\/5970\/revisions"}],"predecessor-version":[{"id":5972,"href":"https:\/\/blogs.diariosur.es\/-que-le-compro-\/wp-json\/wp\/v2\/posts\/5970\/revisions\/5972"}],"wp:attachment":[{"href":"https:\/\/blogs.diariosur.es\/-que-le-compro-\/wp-json\/wp\/v2\/media?parent=5970"}],"wp:term":[{"taxonomy":"category","embeddable":true,"href":"https:\/\/blogs.diariosur.es\/-que-le-compro-\/wp-json\/wp\/v2\/categories?post=5970"},{"taxonomy":"post_tag","embeddable":true,"href":"https:\/\/blogs.diariosur.es\/-que-le-compro-\/wp-json\/wp\/v2\/tags?post=5970"}],"curies":[{"name":"wp","href":"https:\/\/api.w.org\/{rel}","templated":true}]}}