{"id":5980,"date":"2022-06-22T18:36:44","date_gmt":"2022-06-22T16:36:44","guid":{"rendered":"https:\/\/blogs.diariosur.es\/-que-le-compro-\/?p=5980"},"modified":"2022-06-26T19:58:59","modified_gmt":"2022-06-26T17:58:59","slug":"mercado-marinero-torre-mar","status":"publish","type":"post","link":"https:\/\/blogs.diariosur.es\/-que-le-compro-\/2022\/06\/22\/mercado-marinero-torre-mar\/","title":{"rendered":"Mercado marinero en Torre del Mar y m\u00e1s"},"content":{"rendered":"<p>El \u00faltimo fin de semana de junio se estrena con un regreso: el del <strong>Mercado Marinero de Torre del Mar<\/strong>, que se celebrar\u00e1 en el Paseo Larios del 23 al 26 de junio. All\u00ed habr\u00e1 diversos puestos que ofrecer\u00e1n todo tipo de artesan\u00edas como jabones artesanos, inciensos, minerales, f\u00f3siles, amuletos, juguetes de madera, artesan\u00eda en cristal y madera. Adem\u00e1s,\u00a0 se organizar\u00e1n diferentes actividades como talleres y juegos infantiles, pasacalles, animaci\u00f3n con m\u00fasica, acrobacias de malabarismo y danza del fuego cada noche, todos relacionados con el mundo marinero.<\/p>\n<p>Y otra novedad es el cambio de horario del mercado artesanal de la asociaci\u00f3n Atenea, en <strong>Torremolinos<\/strong>. Pasa a celebrarse los s\u00e1bados por la tarde, y en lo que resta de mes de junio estar\u00e1 disponible de 17 a 23 horas y en julio de 17 a 00 horas. Como siempre, en la peatonal de la Avenida Palma de Mallorca de Torremolinos.<\/p>\n<p>En Muelle Uno contin\u00faa el\u00a0<strong>Mercado de los Colores<\/strong>, abierto todos los d\u00edas hasta el pr\u00f3ximo 11 de septiembre de 10 a 22 horas. Y el domingo se podr\u00e1\u00a0 disfrutar de una nueva edici\u00f3n del <strong>Soho Mercado Urbano,<\/strong> que se desarrollar\u00e1 en la c\u00e9ntrica calle Tom\u00e1s Heredia, en la capital, de 11 a 19 horas mientras que de 12 a 20 horas ser\u00e1 el Zoco Maravilla en Muelle Uno.<\/p>\n<p>Para completar, los\u00a0<strong>ecomercados<\/strong>\u00a0organizados por la asociaci\u00f3n Guadalhorce Ecol\u00f3gico se encontrar\u00e1n el s\u00e1bado en el parque Huelin, en M\u00e1laga capital, y el domingo en La Cala de Mijas, en el bulevar frente a la Alcald\u00eda. De 10 a 14 horas en ambos casos.<\/p>\n<p>\u00a1Buen fin de semana!<\/p>\n<p><a href=\"https:\/\/static-blogs.diariosur.es\/wp-content\/uploads\/sites\/19\/2022\/06\/artesania.jpeg\"><img loading=\"lazy\" class=\"aligncenter size-large wp-image-5981\" src=\"https:\/\/static-blogs.diariosur.es\/wp-content\/uploads\/sites\/19\/2022\/06\/artesania-818x1024.jpeg\" alt=\"\" width=\"818\" height=\"1024\" srcset=\"https:\/\/static-blogs.diariosur.es\/wp-content\/uploads\/sites\/19\/2022\/06\/artesania-818x1024.jpeg 818w, https:\/\/static-blogs.diariosur.es\/wp-content\/uploads\/sites\/19\/2022\/06\/artesania-240x300.jpeg 240w, https:\/\/static-blogs.diariosur.es\/wp-content\/uploads\/sites\/19\/2022\/06\/artesania-768x961.jpeg 768w, https:\/\/static-blogs.diariosur.es\/wp-content\/uploads\/sites\/19\/2022\/06\/artesania.jpeg 1080w\" sizes=\"(max-width: 818px) 100vw, 818px\" \/><\/a><\/p>\n","protected":false},"excerpt":{"rendered":"<p>El \u00faltimo fin de semana de junio se estrena con un regreso: el del Mercado Marinero de Torre del Mar, que se celebrar\u00e1 en el Paseo Larios del 23 al 26 de junio. All\u00ed habr\u00e1 diversos puestos que ofrecer\u00e1n todo tipo de artesan\u00edas como jabones artesanos, inciensos, minerales, f\u00f3siles, amuletos, juguetes de madera, artesan\u00eda en [&hellip;]<\/p>\n","protected":false},"author":24,"featured_media":0,"comment_status":"open","ping_status":"open","sticky":false,"template":"","format":"standard","meta":[],"categories":[3,4],"tags":[311,4569,2265,2359,4822,4426,4525],"_links":{"self":[{"href":"https:\/\/blogs.diariosur.es\/-que-le-compro-\/wp-json\/wp\/v2\/posts\/5980"}],"collection":[{"href":"https:\/\/blogs.diariosur.es\/-que-le-compro-\/wp-json\/wp\/v2\/posts"}],"about":[{"href":"https:\/\/blogs.diariosur.es\/-que-le-compro-\/wp-json\/wp\/v2\/types\/post"}],"author":[{"embeddable":true,"href":"https:\/\/blogs.diariosur.es\/-que-le-compro-\/wp-json\/wp\/v2\/users\/24"}],"replies":[{"embeddable":true,"href":"https:\/\/blogs.diariosur.es\/-que-le-compro-\/wp-json\/wp\/v2\/comments?post=5980"}],"version-history":[{"count":5,"href":"https:\/\/blogs.diariosur.es\/-que-le-compro-\/wp-json\/wp\/v2\/posts\/5980\/revisions"}],"predecessor-version":[{"id":5987,"href":"https:\/\/blogs.diariosur.es\/-que-le-compro-\/wp-json\/wp\/v2\/posts\/5980\/revisions\/5987"}],"wp:attachment":[{"href":"https:\/\/blogs.diariosur.es\/-que-le-compro-\/wp-json\/wp\/v2\/media?parent=5980"}],"wp:term":[{"taxonomy":"category","embeddable":true,"href":"https:\/\/blogs.diariosur.es\/-que-le-compro-\/wp-json\/wp\/v2\/categories?post=5980"},{"taxonomy":"post_tag","embeddable":true,"href":"https:\/\/blogs.diariosur.es\/-que-le-compro-\/wp-json\/wp\/v2\/tags?post=5980"}],"curies":[{"name":"wp","href":"https:\/\/api.w.org\/{rel}","templated":true}]}}