{"id":5988,"date":"2022-06-28T18:53:22","date_gmt":"2022-06-28T16:53:22","guid":{"rendered":"https:\/\/blogs.diariosur.es\/-que-le-compro-\/?p=5988"},"modified":"2022-06-28T18:53:22","modified_gmt":"2022-06-28T16:53:22","slug":"showroom-moda-flamenca-malaga-factory","status":"publish","type":"post","link":"https:\/\/blogs.diariosur.es\/-que-le-compro-\/2022\/06\/28\/showroom-moda-flamenca-malaga-factory\/","title":{"rendered":"Showroom de moda flamenca en M\u00e1laga Factory"},"content":{"rendered":"<p>M\u00e1laga Factory organiza este viernes y s\u00e1bado un showroom\u00a0de moda Flamenca en el que se podr\u00e1n ver las \u00faltimas tendencias en el sector as\u00ed como disfrutar de una selecci\u00f3n de prendas outlet que se podr\u00e1n adquirir a buen precio all\u00ed mismo.<\/p>\n<p>La cita es el\u00a0<strong>viernes 1 y s\u00e1bado 2 de julio<\/strong>\u00a0en horario de\u00a0<strong>11:00 a 21:00 horas<\/strong>, tienes una cita con la moda flamenca en nuestro\u00a0centro comercial outlet. Las firmas que contar\u00e1n con un expositor son:\u00a0Ada Guti\u00e9rrez,\u00a0Patricia Calder\u00f3n, Con Duende,\u00a0Susana Zamora, El Dedal de Micaela,\u00a0Lourdes Aguilar Couture,\u00a0Amparo Pardal y\u00a0Elena Fajardo Complementos. Habr\u00e1 desfiles el viernes de 18 a 20.30 horas y el s\u00e1bado de 12 a 14 horas y taller de maquillaje de la mano de Mary Kay de 18 a 20.30 horas.<\/p>\n<p>Adem\u00e1s, si donas tu vestido de flamenca a la tienda solidaria de Cudeca podr\u00e1s llevarte un vale de 4 euros de descuento para ese comercio.<\/p>\n<p>\u00a1Avisad@s qued\u00e1is!<\/p>\n<p><a href=\"https:\/\/static-blogs.diariosur.es\/wp-content\/uploads\/sites\/19\/2022\/06\/showroom-moda-flamenca.jpg\"><img loading=\"lazy\" class=\"aligncenter size-full wp-image-5989\" src=\"https:\/\/static-blogs.diariosur.es\/wp-content\/uploads\/sites\/19\/2022\/06\/showroom-moda-flamenca.jpg\" alt=\"\" width=\"825\" height=\"416\" srcset=\"https:\/\/static-blogs.diariosur.es\/wp-content\/uploads\/sites\/19\/2022\/06\/showroom-moda-flamenca.jpg 825w, https:\/\/static-blogs.diariosur.es\/wp-content\/uploads\/sites\/19\/2022\/06\/showroom-moda-flamenca-300x151.jpg 300w, https:\/\/static-blogs.diariosur.es\/wp-content\/uploads\/sites\/19\/2022\/06\/showroom-moda-flamenca-768x387.jpg 768w\" sizes=\"(max-width: 825px) 100vw, 825px\" \/><\/a><\/p>\n","protected":false},"excerpt":{"rendered":"<p>M\u00e1laga Factory organiza este viernes y s\u00e1bado un showroom\u00a0de moda Flamenca en el que se podr\u00e1n ver las \u00faltimas tendencias en el sector as\u00ed como disfrutar de una selecci\u00f3n de prendas outlet que se podr\u00e1n adquirir a buen precio all\u00ed mismo. La cita es el\u00a0viernes 1 y s\u00e1bado 2 de julio\u00a0en horario de\u00a011:00 a 21:00 [&hellip;]<\/p>\n","protected":false},"author":24,"featured_media":0,"comment_status":"open","ping_status":"open","sticky":false,"template":"","format":"standard","meta":[],"categories":[2,7],"tags":[4250,2503,2825,4835,4833,4834],"_links":{"self":[{"href":"https:\/\/blogs.diariosur.es\/-que-le-compro-\/wp-json\/wp\/v2\/posts\/5988"}],"collection":[{"href":"https:\/\/blogs.diariosur.es\/-que-le-compro-\/wp-json\/wp\/v2\/posts"}],"about":[{"href":"https:\/\/blogs.diariosur.es\/-que-le-compro-\/wp-json\/wp\/v2\/types\/post"}],"author":[{"embeddable":true,"href":"https:\/\/blogs.diariosur.es\/-que-le-compro-\/wp-json\/wp\/v2\/users\/24"}],"replies":[{"embeddable":true,"href":"https:\/\/blogs.diariosur.es\/-que-le-compro-\/wp-json\/wp\/v2\/comments?post=5988"}],"version-history":[{"count":1,"href":"https:\/\/blogs.diariosur.es\/-que-le-compro-\/wp-json\/wp\/v2\/posts\/5988\/revisions"}],"predecessor-version":[{"id":5990,"href":"https:\/\/blogs.diariosur.es\/-que-le-compro-\/wp-json\/wp\/v2\/posts\/5988\/revisions\/5990"}],"wp:attachment":[{"href":"https:\/\/blogs.diariosur.es\/-que-le-compro-\/wp-json\/wp\/v2\/media?parent=5988"}],"wp:term":[{"taxonomy":"category","embeddable":true,"href":"https:\/\/blogs.diariosur.es\/-que-le-compro-\/wp-json\/wp\/v2\/categories?post=5988"},{"taxonomy":"post_tag","embeddable":true,"href":"https:\/\/blogs.diariosur.es\/-que-le-compro-\/wp-json\/wp\/v2\/tags?post=5988"}],"curies":[{"name":"wp","href":"https:\/\/api.w.org\/{rel}","templated":true}]}}