{"id":5991,"date":"2022-06-29T22:46:59","date_gmt":"2022-06-29T20:46:59","guid":{"rendered":"https:\/\/blogs.diariosur.es\/-que-le-compro-\/?p=5991"},"modified":"2022-06-29T23:05:25","modified_gmt":"2022-06-29T21:05:25","slug":"mercadillos-julio-malaga-verano","status":"publish","type":"post","link":"https:\/\/blogs.diariosur.es\/-que-le-compro-\/2022\/06\/29\/mercadillos-julio-malaga-verano\/","title":{"rendered":"Mercadillo de verano en Estepona y m\u00e1s planes para el finde"},"content":{"rendered":"<p>Nuevo mes y nuevo mercadillo, estamos en racha. A la agenda se suma una nueva cita con la artesan\u00eda, la del paseo mar\u00edtimo de <strong>Estepona<\/strong>, que podr\u00e1 visitarse diariamente de 19.00 a las 00.00 horas hasta el 15 de septiembre. Tambi\u00e9n el s\u00e1bado por la tarde (concretamente de 17 a 00 horas)\u00a0en la peatonal de la Avenida Palma de Mallorca de <strong>Torremolinos<\/strong> ser\u00e1 el mercado\u00a0artesanal de la Asociaci\u00f3n de Artesanas y Artesanos Atenea.<\/p>\n<p>Y para completar el s\u00e1bado, los seguidores de <strong>Playmobil<\/strong> tienen su cita mensual en e mercadillo de los click del\u00a0edificio Ocio del M\u00e1laga Factory, de diez de la ma\u00f1ana a ocho de la tarde.<\/p>\n<p>El domingo, ahora en el Centro, se podr\u00e1 disfrutar de una nueva edici\u00f3n de\u00a0<strong>La Merced &amp; Co<\/strong>, con numerosos expositores que tomar\u00e1n la plaza de la Merced de 11 a 19 horas y en Muelle Uno tambi\u00e9n el 3 de julio habr\u00e1 dos propuestas:\u00a0<strong>Zoco Maravilla<\/strong>\u00a0el domingo\u00a0 de 12 a 19 horas y el Mercado de los Colores, abierto cada d\u00eda de 10 a 22 horas hasta septiembre.<\/p>\n<p>\u00a1Buen fin de semana!<\/p>\n<div id=\"attachment_5992\" style=\"width: 1034px\" class=\"wp-caption aligncenter\"><a href=\"https:\/\/static-blogs.diariosur.es\/wp-content\/uploads\/sites\/19\/2022\/06\/estepona.jpg\"><img aria-describedby=\"caption-attachment-5992\" loading=\"lazy\" class=\"size-large wp-image-5992\" src=\"https:\/\/static-blogs.diariosur.es\/wp-content\/uploads\/sites\/19\/2022\/06\/estepona-1024x577.jpg\" alt=\"\" width=\"1024\" height=\"577\" srcset=\"https:\/\/static-blogs.diariosur.es\/wp-content\/uploads\/sites\/19\/2022\/06\/estepona-1024x577.jpg 1024w, https:\/\/static-blogs.diariosur.es\/wp-content\/uploads\/sites\/19\/2022\/06\/estepona-300x169.jpg 300w, https:\/\/static-blogs.diariosur.es\/wp-content\/uploads\/sites\/19\/2022\/06\/estepona-768x433.jpg 768w, https:\/\/static-blogs.diariosur.es\/wp-content\/uploads\/sites\/19\/2022\/06\/estepona.jpg 1597w\" sizes=\"(max-width: 1024px) 100vw, 1024px\" \/><\/a><p id=\"caption-attachment-5992\" class=\"wp-caption-text\">Artesan\u00eda en el paseo mar\u00edtimo de Estepona. :: Ayto. Estepona<\/p><\/div>\n","protected":false},"excerpt":{"rendered":"<p>Nuevo mes y nuevo mercadillo, estamos en racha. A la agenda se suma una nueva cita con la artesan\u00eda, la del paseo mar\u00edtimo de Estepona, que podr\u00e1 visitarse diariamente de 19.00 a las 00.00 horas hasta el 15 de septiembre. Tambi\u00e9n el s\u00e1bado por la tarde (concretamente de 17 a 00 horas)\u00a0en la peatonal de [&hellip;]<\/p>\n","protected":false},"author":24,"featured_media":0,"comment_status":"open","ping_status":"open","sticky":false,"template":"","format":"standard","meta":[],"categories":[2,3,4],"tags":[4399,4619,4836,4838,4837],"_links":{"self":[{"href":"https:\/\/blogs.diariosur.es\/-que-le-compro-\/wp-json\/wp\/v2\/posts\/5991"}],"collection":[{"href":"https:\/\/blogs.diariosur.es\/-que-le-compro-\/wp-json\/wp\/v2\/posts"}],"about":[{"href":"https:\/\/blogs.diariosur.es\/-que-le-compro-\/wp-json\/wp\/v2\/types\/post"}],"author":[{"embeddable":true,"href":"https:\/\/blogs.diariosur.es\/-que-le-compro-\/wp-json\/wp\/v2\/users\/24"}],"replies":[{"embeddable":true,"href":"https:\/\/blogs.diariosur.es\/-que-le-compro-\/wp-json\/wp\/v2\/comments?post=5991"}],"version-history":[{"count":3,"href":"https:\/\/blogs.diariosur.es\/-que-le-compro-\/wp-json\/wp\/v2\/posts\/5991\/revisions"}],"predecessor-version":[{"id":5995,"href":"https:\/\/blogs.diariosur.es\/-que-le-compro-\/wp-json\/wp\/v2\/posts\/5991\/revisions\/5995"}],"wp:attachment":[{"href":"https:\/\/blogs.diariosur.es\/-que-le-compro-\/wp-json\/wp\/v2\/media?parent=5991"}],"wp:term":[{"taxonomy":"category","embeddable":true,"href":"https:\/\/blogs.diariosur.es\/-que-le-compro-\/wp-json\/wp\/v2\/categories?post=5991"},{"taxonomy":"post_tag","embeddable":true,"href":"https:\/\/blogs.diariosur.es\/-que-le-compro-\/wp-json\/wp\/v2\/tags?post=5991"}],"curies":[{"name":"wp","href":"https:\/\/api.w.org\/{rel}","templated":true}]}}